{"id":69196,"date":"2015-04-15T15:29:28","date_gmt":"2015-04-15T18:29:28","guid":{"rendered":"http:\/\/www.redenoticia.com.br\/noticia\/?p=69196"},"modified":"2015-04-15T15:29:28","modified_gmt":"2015-04-15T18:29:28","slug":"igp-10-tem-alta-de-127-em-abril","status":"publish","type":"post","link":"https:\/\/www.redenoticia.com.br\/noticia\/2015\/igp-10-tem-alta-de-127-em-abril\/69196","title":{"rendered":"IGP-10 tem alta de 1,27% em abril"},"content":{"rendered":"<p> A <strong><em>infla\u00e7\u00e3o<\/em><\/strong> medida pelo \u00cdndice Geral de Pre\u00e7os \u2013 10 (IGP-10) ficou em 1,27% em abril deste ano, taxa superior \u00e0s observadas em mar\u00e7o deste ano (0,83%) e em abril do ano passado (1,19%). Segundo a Funda\u00e7\u00e3o Getulio Vargas (FGV), em 12 meses, o IGP-10 acumula alta de pre\u00e7os de 3,46%.<\/p>\n<p>O IGP-10 \u00e9 uma das vers\u00f5es do \u00cdndice Geral de Pre\u00e7os (IGP): registra a infla\u00e7\u00e3o de pre\u00e7os desde mat\u00e9rias-primas agr\u00edcolas e industriais at\u00e9 bens e servi\u00e7os finais.<\/p>\n<p>O avan\u00e7o da infla\u00e7\u00e3o de mar\u00e7o para abril foi influenciada pelos pre\u00e7os no atacado e pelo custo da constru\u00e7\u00e3o. A taxa do sub\u00edndice de Pre\u00e7os ao Produtor Amplo, que analisa o atacado, quase dobrou, ao passar de 0,75% em mar\u00e7o para 1,45% em abril. O sub\u00edndice de Custo da Constru\u00e7\u00e3o subiu de 0,24% para 0,69% no per\u00edodo.<\/p>\n<p>O sub\u00edndice de Pre\u00e7os ao Consumidor, que analisa o comportamento dos produtos e servi\u00e7os no varejo, teve queda, ao passar de 1,29% em mar\u00e7o para 1,01% em abril. O IGP-10 \u00e9 calculado com base em pre\u00e7os coletados entre os dias 11 do m\u00eas anterior e 10 do m\u00eas atual.<\/p>\n<p>Vitor Abdala &#8211; Rep\u00f3rter da Ag\u00eancia Brasil<br \/>\nEdi\u00e7\u00e3o: Jos\u00e9 Romildo<\/p>\n","protected":false},"excerpt":{"rendered":"<p>A infla\u00e7\u00e3o medida pelo \u00cdndice Geral de Pre\u00e7os \u2013 10 (IGP-10) ficou em 1,27% em abril deste ano, taxa superior \u00e0s observadas em mar\u00e7o deste ano (0,83%) e em abril do ano passado (1,19%). Segundo a Funda\u00e7\u00e3o Getulio Vargas (FGV), em 12 meses, o IGP-10 acumula alta de pre\u00e7os de 3,46%. O IGP-10 \u00e9 uma [&hellip;]<\/p>\n","protected":false},"author":2,"featured_media":57585,"comment_status":"open","ping_status":"closed","sticky":false,"template":"","format":"standard","meta":{"_genesis_hide_title":false,"_genesis_hide_breadcrumbs":false,"_genesis_hide_singular_image":false,"_genesis_hide_footer_widgets":false,"_genesis_custom_body_class":"","_genesis_custom_post_class":"","_genesis_layout":"","_jetpack_memberships_contains_paid_content":false,"footnotes":""},"categories":[22,7],"tags":[],"class_list":{"0":"post-69196","1":"post","2":"type-post","3":"status-publish","4":"format-standard","5":"has-post-thumbnail","7":"category-brasil","8":"category-economia","9":"entry","10":"gs-1","11":"gs-odd","12":"gs-even","13":"gs-featured-content-entry"},"jetpack_featured_media_url":"https:\/\/www.redenoticia.com.br\/noticia\/imagens\/analise-economia.jpg","jetpack_sharing_enabled":true,"jetpack_likes_enabled":true,"_links":{"self":[{"href":"https:\/\/www.redenoticia.com.br\/noticia\/wp-json\/wp\/v2\/posts\/69196","targetHints":{"allow":["GET"]}}],"collection":[{"href":"https:\/\/www.redenoticia.com.br\/noticia\/wp-json\/wp\/v2\/posts"}],"about":[{"href":"https:\/\/www.redenoticia.com.br\/noticia\/wp-json\/wp\/v2\/types\/post"}],"author":[{"embeddable":true,"href":"https:\/\/www.redenoticia.com.br\/noticia\/wp-json\/wp\/v2\/users\/2"}],"replies":[{"embeddable":true,"href":"https:\/\/www.redenoticia.com.br\/noticia\/wp-json\/wp\/v2\/comments?post=69196"}],"version-history":[{"count":0,"href":"https:\/\/www.redenoticia.com.br\/noticia\/wp-json\/wp\/v2\/posts\/69196\/revisions"}],"wp:featuredmedia":[{"embeddable":true,"href":"https:\/\/www.redenoticia.com.br\/noticia\/wp-json\/wp\/v2\/media\/57585"}],"wp:attachment":[{"href":"https:\/\/www.redenoticia.com.br\/noticia\/wp-json\/wp\/v2\/media?parent=69196"}],"wp:term":[{"taxonomy":"category","embeddable":true,"href":"https:\/\/www.redenoticia.com.br\/noticia\/wp-json\/wp\/v2\/categories?post=69196"},{"taxonomy":"post_tag","embeddable":true,"href":"https:\/\/www.redenoticia.com.br\/noticia\/wp-json\/wp\/v2\/tags?post=69196"}],"curies":[{"name":"wp","href":"https:\/\/api.w.org\/{rel}","templated":true}]}}