{"id":69156,"date":"2015-04-14T14:19:59","date_gmt":"2015-04-14T17:19:59","guid":{"rendered":"http:\/\/www.redenoticia.com.br\/noticia\/?p=69156"},"modified":"2015-04-14T14:19:59","modified_gmt":"2015-04-14T17:19:59","slug":"custo-da-energia-sobe-06-em-abril-para-a-industria-nacional-diz-firjan","status":"publish","type":"post","link":"https:\/\/www.redenoticia.com.br\/noticia\/2015\/custo-da-energia-sobe-06-em-abril-para-a-industria-nacional-diz-firjan\/69156","title":{"rendered":"Custo da energia sobe 0,6% em abril para a ind\u00fastria nacional, diz Firjan"},"content":{"rendered":"<p> O <strong><em>custo m\u00e9dio da energia el\u00e9trica<\/em><\/strong> para a ind\u00fastria nacional subiu 0,6% este m\u00eas, ap\u00f3s os aumentos autorizados pela Ag\u00eancia Nacional de Energia El\u00e9trica (Aneel) para as distribuidoras Energisa Mato Grosso (EMT, antiga Cemat), Energisa Mato Grosso do Sul (EMS, antiga Enersul), Cemig, CPFL Paulista. A expans\u00e3o considera tamb\u00e9m os ajustes dos percentuais j\u00e1 concedidos pela Aneel a outras distribuidoras neste ano. O dado consta de uma pesquisa divulgada pela Federa\u00e7\u00e3o das Ind\u00fastrias do Estado do Rio de Janeiro (Firjan).<\/p>\n<p>Com isso, de acordo com a Firjan, o custo m\u00e9dio da energia pago pelas ind\u00fastrias brasileiras alcan\u00e7ou R$ 537,40 por megawatt-hora (MWh), o que mant\u00e9m o Brasil na lideran\u00e7a entre os 28 pa\u00edses de custo mais caro analisados pela entidade. O aumento apurado pela Firjan no acumulado do ano atinge 49%.<\/p>\n<p> A tarifa \u00e9 338% superior ao custo m\u00e9dio praticado nos Estados Unidos (R$ 122,7) e est\u00e1 108,7% acima do custo m\u00e9dio dos demais 27 pa\u00edses do ranking (R$ 257,5), segundo a pesquisa. No m\u00eas passado, o Brasil passou a liderar a rela\u00e7\u00e3o de pa\u00edses de custo mais caro da energia el\u00e9trica para a ind\u00fastria, superando a \u00cdndia (R$ 504,1 por MWh em abril) e a It\u00e1lia (R$ 493,6) por MWh), que ocupavam at\u00e9 ent\u00e3o as primeiras posi\u00e7\u00f5es. O custo mais baixo \u00e9 encontrado na Argentina (R$ 51 por MWh).<\/p>\n<p>A chefe da Divis\u00e3o de Competitividade Industrial e Investimentos do Sistema Firjan, Julia Nicolau, disse \u00e0 Ag\u00eancia Brasil que, com o aumento, o pa\u00eds perde competitividade. A tend\u00eancia, daqui para a frente, preocupa. &#8220;N\u00e3o vislumbramos tend\u00eancia de queda, pelo menos no curto prazo, ainda mais no atual contexto econ\u00f4mico complicado e considerando a import\u00e2ncia da energia el\u00e9trica para as ind\u00fastrias.\u201d<\/p>\n<p>H\u00e1, segundo Julia, uma press\u00e3o de custos crescente para a atividade industrial. \u201cA energia el\u00e9trica \u00e9 fundamental e afeta as decis\u00f5es de investimento. O custo da energia el\u00e9trica est\u00e1 dobrando de um m\u00eas para o outro e isso significa perda de competitividade.\u201d<\/p>\n<p>J\u00falia destacou que as ind\u00fastrias est\u00e3o buscando solu\u00e7\u00f5es em termos de efici\u00eancia energ\u00e9tica, mas, ainda assim, a preocupa\u00e7\u00e3o \u00e9 com o futuro imediato, com o valor da tarifa. \u201cQue patamar de pre\u00e7o ainda teremos pela frente?\u201d, pergunta J\u00falia. Ela lembrou que, al\u00e9m do custo da energia, outras quest\u00f5es pressionam a empresa brasileira e citou as tribut\u00e1rias e trabalhistas. \u201cO custo no Brasil vem em uma escala crescente e, quando comparamos com o resto do mundo, ele est\u00e1 ainda mais alto.\u201d<\/p>\n<p>No ranking estadual, o Rio de Janeiro tem o custo m\u00e9dio da energia para a ind\u00fastria mais elevado  (R$ 653,27 por MWh). Seguem-se Esp\u00edrito Santo, com R$ 639,28 por MWh, e Mato Grosso (R$630,52 por MWh). Em contrapartida, os custos mais baixos s\u00e3o observados no Amap\u00e1 (R$ 288,29) e em Roraima (R$ 287,73).<\/p>\n<p>Alana Gandra &#8211; Rep\u00f3rter da Ag\u00eancia Brasil<br \/>\nEdi\u00e7\u00e3o: A\u00e9cio Amado<\/p>\n","protected":false},"excerpt":{"rendered":"<p>O custo m\u00e9dio da energia el\u00e9trica para a ind\u00fastria nacional subiu 0,6% este m\u00eas, ap\u00f3s os aumentos autorizados pela Ag\u00eancia Nacional de Energia El\u00e9trica (Aneel) para as distribuidoras Energisa Mato Grosso (EMT, antiga Cemat), Energisa Mato Grosso do Sul (EMS, antiga Enersul), Cemig, CPFL Paulista. A expans\u00e3o considera tamb\u00e9m os ajustes dos percentuais j\u00e1 concedidos [&hellip;]<\/p>\n","protected":false},"author":2,"featured_media":57585,"comment_status":"open","ping_status":"closed","sticky":false,"template":"","format":"standard","meta":{"_genesis_hide_title":false,"_genesis_hide_breadcrumbs":false,"_genesis_hide_singular_image":false,"_genesis_hide_footer_widgets":false,"_genesis_custom_body_class":"","_genesis_custom_post_class":"","_genesis_layout":"","_jetpack_memberships_contains_paid_content":false,"footnotes":""},"categories":[22,7],"tags":[],"class_list":{"0":"post-69156","1":"post","2":"type-post","3":"status-publish","4":"format-standard","5":"has-post-thumbnail","7":"category-brasil","8":"category-economia","9":"entry","10":"gs-1","11":"gs-odd","12":"gs-even","13":"gs-featured-content-entry"},"jetpack_featured_media_url":"https:\/\/www.redenoticia.com.br\/noticia\/imagens\/analise-economia.jpg","jetpack_sharing_enabled":true,"jetpack_likes_enabled":true,"_links":{"self":[{"href":"https:\/\/www.redenoticia.com.br\/noticia\/wp-json\/wp\/v2\/posts\/69156","targetHints":{"allow":["GET"]}}],"collection":[{"href":"https:\/\/www.redenoticia.com.br\/noticia\/wp-json\/wp\/v2\/posts"}],"about":[{"href":"https:\/\/www.redenoticia.com.br\/noticia\/wp-json\/wp\/v2\/types\/post"}],"author":[{"embeddable":true,"href":"https:\/\/www.redenoticia.com.br\/noticia\/wp-json\/wp\/v2\/users\/2"}],"replies":[{"embeddable":true,"href":"https:\/\/www.redenoticia.com.br\/noticia\/wp-json\/wp\/v2\/comments?post=69156"}],"version-history":[{"count":0,"href":"https:\/\/www.redenoticia.com.br\/noticia\/wp-json\/wp\/v2\/posts\/69156\/revisions"}],"wp:featuredmedia":[{"embeddable":true,"href":"https:\/\/www.redenoticia.com.br\/noticia\/wp-json\/wp\/v2\/media\/57585"}],"wp:attachment":[{"href":"https:\/\/www.redenoticia.com.br\/noticia\/wp-json\/wp\/v2\/media?parent=69156"}],"wp:term":[{"taxonomy":"category","embeddable":true,"href":"https:\/\/www.redenoticia.com.br\/noticia\/wp-json\/wp\/v2\/categories?post=69156"},{"taxonomy":"post_tag","embeddable":true,"href":"https:\/\/www.redenoticia.com.br\/noticia\/wp-json\/wp\/v2\/tags?post=69156"}],"curies":[{"name":"wp","href":"https:\/\/api.w.org\/{rel}","templated":true}]}}