{"id":69154,"date":"2015-04-14T14:17:13","date_gmt":"2015-04-14T17:17:13","guid":{"rendered":"http:\/\/www.redenoticia.com.br\/noticia\/?p=69154"},"modified":"2015-04-14T14:17:13","modified_gmt":"2015-04-14T17:17:13","slug":"fmi-preve-retracao-de-1-para-economia-brasileira-em-2015","status":"publish","type":"post","link":"https:\/\/www.redenoticia.com.br\/noticia\/2015\/fmi-preve-retracao-de-1-para-economia-brasileira-em-2015\/69154","title":{"rendered":"FMI prev\u00ea retra\u00e7\u00e3o de 1% para economia brasileira em 2015"},"content":{"rendered":"<p> O Fundo Monet\u00e1rio Internacional (FMI) estima crescimento de 0,9% para a Am\u00e9rica Latina e o Caribe, mas <strong><em>retra\u00e7\u00e3o de 1% na economia<\/em><\/strong> brasileira este ano. Para 2016, a proje\u00e7\u00e3o para o pa\u00eds \u00e9 mais otimista e deve ficar em 1%, metade da expectativa dos pa\u00edses da regi\u00e3o, que ser\u00e1 2%. <\/p>\n<p>A previs\u00e3o para o crescimento global n\u00e3o sofreu altera\u00e7\u00f5es e est\u00e1 fixada em 3,5% para 2015 e 3,8% para 2016. Os n\u00fameros sobre perspectivas para a economia mundial foram divulgados em Washington, local onde, nos pr\u00f3ximos dias, ocorrer\u00e1 o Encontro de Primavera, evento organizado pelo FMI e pelo Banco Mundial.<\/p>\n<p> Pelo relat\u00f3rio, as perspectivas para o crescimento global s\u00e3o desiguais entre as principais economias. Nas mais avan\u00e7adas, o crescimento dever\u00e1 ser mais forte em 2015 que em 2014, enquanto em mercados emergentes e em desenvolvimento, o crescimento esperado \u00e9 mais fraco.<\/p>\n<p>No caso da Am\u00e9rica Latina, os pre\u00e7os mais baixos de mat\u00e9rias-primas ainda s\u00e3o problema. De acordo com o relat\u00f3rio do FMI, as perspectivas para o Brasil foram afetadas, entre outras coisas,  pela \u201cseca e pelas pol\u00edticas macroecon\u00f4micas mais restritivas\u201d.<\/p>\n<p>Segundo o relat\u00f3rio, al\u00e9m do Brasil, outro integrante do Brics que  ter\u00e1 retra\u00e7\u00e3o \u00e9 a R\u00fassia, com  3,8%. O pa\u00eds tem sofrido com embargos econ\u00f4micos, como consequ\u00eancia das interven\u00e7\u00f5es na Ucr\u00e2nia e pela queda no pre\u00e7o internacional do barril do petr\u00f3leo. Os t\u00e9cnicos do FMI estimam crescimento de 7,5% para \u00cdndia e de 6,8% para a China. Este ano, o crescimento previsto para a \u00c1frica do Sul \u00e9 de 2%. O Brics \u00e9 um grupo formado por Brasil, R\u00fassia, \u00cdndia, China e \u00c1frica do Sul.<\/p>\n<p>O encontro de Primavera do FMI e Banco Mundial ser\u00e1 realizado de sexta-feira (17) a domingo (19). O ministro da Fazenda, Joaquim Levy, que tamb\u00e9m participar\u00e1 do evento, antecipou o embarque para os Estados Unidos, mas a assessoria dele n\u00e3o informou os motivos da altera\u00e7\u00e3o na agenda.<\/p>\n<p>O ministro aproveitar\u00e1 a viagem para defender o ajuste fiscal brasileiro e tentar atrair investidores estrangeiros para os projetos de concess\u00f5es da \u00e1rea de infraestrutura.<\/p>\n<p>Da Ag\u00eancia Brasil<br \/>\nEdi\u00e7\u00e3o: Armando Cardoso<\/p>\n","protected":false},"excerpt":{"rendered":"<p>O Fundo Monet\u00e1rio Internacional (FMI) estima crescimento de 0,9% para a Am\u00e9rica Latina e o Caribe, mas retra\u00e7\u00e3o de 1% na economia brasileira este ano. Para 2016, a proje\u00e7\u00e3o para o pa\u00eds \u00e9 mais otimista e deve ficar em 1%, metade da expectativa dos pa\u00edses da regi\u00e3o, que ser\u00e1 2%. A previs\u00e3o para o crescimento [&hellip;]<\/p>\n","protected":false},"author":2,"featured_media":57583,"comment_status":"open","ping_status":"closed","sticky":false,"template":"","format":"standard","meta":{"_genesis_hide_title":false,"_genesis_hide_breadcrumbs":false,"_genesis_hide_singular_image":false,"_genesis_hide_footer_widgets":false,"_genesis_custom_body_class":"","_genesis_custom_post_class":"","_genesis_layout":"","_jetpack_memberships_contains_paid_content":false,"footnotes":""},"categories":[22,7],"tags":[],"class_list":{"0":"post-69154","1":"post","2":"type-post","3":"status-publish","4":"format-standard","5":"has-post-thumbnail","7":"category-brasil","8":"category-economia","9":"entry","10":"gs-1","11":"gs-odd","12":"gs-even","13":"gs-featured-content-entry"},"jetpack_featured_media_url":"https:\/\/www.redenoticia.com.br\/noticia\/imagens\/economia-grafico.jpg","jetpack_sharing_enabled":true,"jetpack_likes_enabled":true,"_links":{"self":[{"href":"https:\/\/www.redenoticia.com.br\/noticia\/wp-json\/wp\/v2\/posts\/69154","targetHints":{"allow":["GET"]}}],"collection":[{"href":"https:\/\/www.redenoticia.com.br\/noticia\/wp-json\/wp\/v2\/posts"}],"about":[{"href":"https:\/\/www.redenoticia.com.br\/noticia\/wp-json\/wp\/v2\/types\/post"}],"author":[{"embeddable":true,"href":"https:\/\/www.redenoticia.com.br\/noticia\/wp-json\/wp\/v2\/users\/2"}],"replies":[{"embeddable":true,"href":"https:\/\/www.redenoticia.com.br\/noticia\/wp-json\/wp\/v2\/comments?post=69154"}],"version-history":[{"count":0,"href":"https:\/\/www.redenoticia.com.br\/noticia\/wp-json\/wp\/v2\/posts\/69154\/revisions"}],"wp:featuredmedia":[{"embeddable":true,"href":"https:\/\/www.redenoticia.com.br\/noticia\/wp-json\/wp\/v2\/media\/57583"}],"wp:attachment":[{"href":"https:\/\/www.redenoticia.com.br\/noticia\/wp-json\/wp\/v2\/media?parent=69154"}],"wp:term":[{"taxonomy":"category","embeddable":true,"href":"https:\/\/www.redenoticia.com.br\/noticia\/wp-json\/wp\/v2\/categories?post=69154"},{"taxonomy":"post_tag","embeddable":true,"href":"https:\/\/www.redenoticia.com.br\/noticia\/wp-json\/wp\/v2\/tags?post=69154"}],"curies":[{"name":"wp","href":"https:\/\/api.w.org\/{rel}","templated":true}]}}