{"id":69152,"date":"2015-04-14T14:10:32","date_gmt":"2015-04-14T17:10:32","guid":{"rendered":"http:\/\/www.redenoticia.com.br\/noticia\/?p=69152"},"modified":"2015-04-14T14:10:32","modified_gmt":"2015-04-14T17:10:32","slug":"mais-de-10-milhoes-de-contribuintes-ja-entregaram-declaracao-do-ir","status":"publish","type":"post","link":"https:\/\/www.redenoticia.com.br\/noticia\/2015\/mais-de-10-milhoes-de-contribuintes-ja-entregaram-declaracao-do-ir\/69152","title":{"rendered":"Mais de 10 milh\u00f5es de contribuintes j\u00e1 entregaram declara\u00e7\u00e3o do IR"},"content":{"rendered":"<p>A 17 dias do fim do prazo de entrega do <strong><em>Imposto de Renda<\/em><\/strong> Pessoa F\u00edsica (IRPF), 10.119.682 declara\u00e7\u00f5es foram encaminhadas \u00e0 Receita Federal pelos contribuintes at\u00e9 as 17h de segunda-feira (13). O n\u00famero representa 36,8% do total de 27,5 milh\u00f5es de declara\u00e7\u00f5es que a Receita espera receber at\u00e9 30 de abril, \u00faltimo dia de entrega.<\/p>\n<p>Este ano, os contribuintes com certifica\u00e7\u00e3o digital podem fazer a declara\u00e7\u00e3o pr\u00e9-preenchida na p\u00e1gina da Receita na internet, na \u00e1rea do e-CAC. Isso tamb\u00e9m poder\u00e1 ser feito por um representante do contribuinte que tenha certifica\u00e7\u00e3o digital e procura\u00e7\u00e3o eletr\u00f4nica registrada no \u00f3rg\u00e3o.<\/p>\n<p>No ano passado, 26.883.633 de contribuintes enviaram a declara\u00e7\u00e3o do IRPF at\u00e9 o fim do prazo. O n\u00famero ficou aqu\u00e9m do esperado pela Receita na ocasi\u00e3o, 27 milh\u00f5es de formul\u00e1rios. Em 2013, 26,1 milh\u00f5es de pessoas f\u00edsicas entregaram o documento.<\/p>\n<p>Quanto antes o contribuinte entregar a declara\u00e7\u00e3o, com os dados corretos \u00e0 Receita, mais cedo receber\u00e1 o valor correspondente \u00e0 restitui\u00e7\u00e3o. T\u00eam prioridade no recebimento pessoas com mais de 60 anos de idade, contribuintes com defici\u00eancia f\u00edsica ou mental e os que t\u00eam doen\u00e7a grave.<\/p>\n<p>A multa por atraso de entrega \u00e9 estipulada em 1% ao m\u00eas-calend\u00e1rio at\u00e9 20%. O valor m\u00ednimo \u00e9 R$ 165,74. Um passo a passo com cada etapa da entrega est\u00e1 dispon\u00edvel na p\u00e1gina da Receita. Basta o usu\u00e1rio clicar em cada  para obter mais detalhes. O prazo de entrega vai at\u00e9 30 de abril.<\/p>\n<p>No m\u00eas passado, a Receita Federal lan\u00e7ou uma s\u00e9rie de 11 v\u00eddeos no  para tirar d\u00favidas sobre o preenchimento e a entrega do Imposto de Renda. Chamada de TV Receita Responde, a s\u00e9rie tem como objetivo explicar de forma simples os principais assuntos relacionados \u00e0 declara\u00e7\u00e3o do IRPF.<\/p>\n<p>Wellton M\u00e1ximo &#8211; Rep\u00f3rter da Ag\u00eancia Brasil<br \/>\nEdi\u00e7\u00e3o: Jorge Wamburg<\/p>\n","protected":false},"excerpt":{"rendered":"<p>A 17 dias do fim do prazo de entrega do Imposto de Renda Pessoa F\u00edsica (IRPF), 10.119.682 declara\u00e7\u00f5es foram encaminhadas \u00e0 Receita Federal pelos contribuintes at\u00e9 as 17h de segunda-feira (13). O n\u00famero representa 36,8% do total de 27,5 milh\u00f5es de declara\u00e7\u00f5es que a Receita espera receber at\u00e9 30 de abril, \u00faltimo dia de entrega. [&hellip;]<\/p>\n","protected":false},"author":2,"featured_media":23889,"comment_status":"open","ping_status":"closed","sticky":false,"template":"","format":"standard","meta":{"_genesis_hide_title":false,"_genesis_hide_breadcrumbs":false,"_genesis_hide_singular_image":false,"_genesis_hide_footer_widgets":false,"_genesis_custom_body_class":"","_genesis_custom_post_class":"","_genesis_layout":"","_jetpack_memberships_contains_paid_content":false,"footnotes":""},"categories":[22],"tags":[],"class_list":{"0":"post-69152","1":"post","2":"type-post","3":"status-publish","4":"format-standard","5":"has-post-thumbnail","7":"category-brasil","8":"entry","9":"gs-1","10":"gs-odd","11":"gs-even","12":"gs-featured-content-entry"},"jetpack_featured_media_url":"https:\/\/www.redenoticia.com.br\/noticia\/imagens\/receita-federal-irpf-2010.jpg","jetpack_sharing_enabled":true,"jetpack_likes_enabled":true,"_links":{"self":[{"href":"https:\/\/www.redenoticia.com.br\/noticia\/wp-json\/wp\/v2\/posts\/69152","targetHints":{"allow":["GET"]}}],"collection":[{"href":"https:\/\/www.redenoticia.com.br\/noticia\/wp-json\/wp\/v2\/posts"}],"about":[{"href":"https:\/\/www.redenoticia.com.br\/noticia\/wp-json\/wp\/v2\/types\/post"}],"author":[{"embeddable":true,"href":"https:\/\/www.redenoticia.com.br\/noticia\/wp-json\/wp\/v2\/users\/2"}],"replies":[{"embeddable":true,"href":"https:\/\/www.redenoticia.com.br\/noticia\/wp-json\/wp\/v2\/comments?post=69152"}],"version-history":[{"count":0,"href":"https:\/\/www.redenoticia.com.br\/noticia\/wp-json\/wp\/v2\/posts\/69152\/revisions"}],"wp:featuredmedia":[{"embeddable":true,"href":"https:\/\/www.redenoticia.com.br\/noticia\/wp-json\/wp\/v2\/media\/23889"}],"wp:attachment":[{"href":"https:\/\/www.redenoticia.com.br\/noticia\/wp-json\/wp\/v2\/media?parent=69152"}],"wp:term":[{"taxonomy":"category","embeddable":true,"href":"https:\/\/www.redenoticia.com.br\/noticia\/wp-json\/wp\/v2\/categories?post=69152"},{"taxonomy":"post_tag","embeddable":true,"href":"https:\/\/www.redenoticia.com.br\/noticia\/wp-json\/wp\/v2\/tags?post=69152"}],"curies":[{"name":"wp","href":"https:\/\/api.w.org\/{rel}","templated":true}]}}