{"id":69111,"date":"2015-04-13T16:25:09","date_gmt":"2015-04-13T19:25:09","guid":{"rendered":"http:\/\/www.redenoticia.com.br\/noticia\/?p=69111"},"modified":"2015-04-13T16:25:09","modified_gmt":"2015-04-13T19:25:09","slug":"inadimplencia-do-consumidor-cresceu-376-em-marco-de-2015","status":"publish","type":"post","link":"https:\/\/www.redenoticia.com.br\/noticia\/2015\/inadimplencia-do-consumidor-cresceu-376-em-marco-de-2015\/69111","title":{"rendered":"Inadimpl\u00eancia do consumidor cresceu 3,76% em mar\u00e7o de 2015"},"content":{"rendered":"<p> O n\u00famero de consumidores com <strong><em>contas a pagar<\/em><\/strong> no m\u00eas passado aumentou 3,76%, na compara\u00e7\u00e3o com mar\u00e7o do ano passado. Hoje, 37,5% da popula\u00e7\u00e3o brasileira entre 18 e 95 anos est\u00e3o negativados em bancos ou outros servi\u00e7os que implicam pagamento de boletos, como \u00e1gua, luz e telecomunica\u00e7\u00f5es.<\/p>\n<p>S\u00e3o 54,7 milh\u00f5es de brasileiros endividados. Tamb\u00e9m houve crescimento em rela\u00e7\u00e3o ao n\u00famero de d\u00edvidas n\u00e3o pagas, com varia\u00e7\u00e3o de 3,46% em rela\u00e7\u00e3o ao mesmo per\u00edodo do ano passado. Os dados foram divulgados pelo Servi\u00e7o de Prote\u00e7\u00e3o ao Cr\u00e9dito (SPC Brasil) e pela Confedera\u00e7\u00e3o Nacional de Dirigentes Logistas.<\/p>\n<p>Segundo o presidente da confedera\u00e7\u00e3o, Hon\u00f3rio Pinheiro, embora o setor de varejo trabalhe de forma antic\u00edclica, as vari\u00e1veis macroecon\u00f4micas influenciam o consumo da popula\u00e7\u00e3o. \u201cA economia est\u00e1 parada e a pol\u00edtica, que a influencia diretamente, vive momentos dif\u00edceis no Brasil.\u201d<\/p>\n<p>Economista-chefe do SPC Brasil, Marcela Kawauti explicou que dois fatores atuam de forma contr\u00e1ria no consumo, o que acaba equilibrando os n\u00fameros da inadimpl\u00eancia. &#8220;Primeiro, desde 2013, h\u00e1 uma queda na oferta de cr\u00e9dito pelos bancos e tamb\u00e9m um recuo na demanda. Isso faz com que haja menos contas a pagar, e a inadimpl\u00eancia acaba desacelerando.\u201d<\/p>\n<p>\u201cPor outro lado, temos o fraco crescimento da economia, infla\u00e7\u00e3o e juros em alta. Isso piora a gera\u00e7\u00e3o de empregos e a confian\u00e7a dos consumidores. O momento econ\u00f4mico dificulta o pagamento das d\u00edvidas&#8221;, acrescentou Marcela.<\/p>\n<p> Segundo ela, embora a varia\u00e7\u00e3o tenha sido positiva em mar\u00e7o deste ano, mant\u00e9m-se a tend\u00eancia de desacelera\u00e7\u00e3o em rela\u00e7\u00e3o ao pico de agosto do ano passado, quando tivemos aumento de 5,09% no volume de devedores.<\/p>\n<p>Em rela\u00e7\u00e3o \u00e0 participa\u00e7\u00e3o dos setores, os maiores aumentos foram em \u00e1gua, luz, telecomunica\u00e7\u00f5es e bancos. Marcela disse que os bancos s\u00e3o os principais financiadores da economia, o que aumenta a inadimpl\u00eancia no setor. De acordo com os dados, 47,71% das contas a pagar s\u00e3o decorrentes do aumento de 2,15% em rela\u00e7\u00e3o a mar\u00e7o de 2014.<\/p>\n<p>\u00c1gua, luz e telecomunica\u00e7\u00f5es representam 7,03% (aumento de 0,59% na varia\u00e7\u00e3o anual) e 15,3% das d\u00edvidas, respectivamente. No caso das telecomunica\u00e7\u00f5es, com varia\u00e7\u00e3o positiva de 1,46% nas d\u00edvidas, Marcela informou que cada vez mais as pessoas d\u00e3o import\u00e2ncia \u00e0 comunica\u00e7\u00e3o instant\u00e2nea e acabam contratando pacotes de dados e celulares que n\u00e3o cabem no or\u00e7amento.<\/p>\n<p>Na compara\u00e7\u00e3o com o n\u00famero de pend\u00eancias por tempo de atraso, as faixas que registraram maior varia\u00e7\u00e3o foram as de d\u00edvidas com 91 a 180 dias de atraso (3,96% de aumento) e 181 a 360 dias (6,03% de aumento).<\/p>\n<p>Segundo a economista, isso \u00e9 reflexo das compras de Natal, do pagamento de impostos e da compra de material escolar no in\u00edcio do ano. \u201cNo ano passado, fizemos uma pesquisa em que as pessoas diziam que parcelariam as compra de Natal em at\u00e9 cinco vezes. Ent\u00e3o, acabamos vendo a alta da inadimpl\u00eancia entre mar\u00e7o abril.\u201d<\/p>\n<p>Para a Confedera\u00e7\u00e3o Nacional de Dirigentes Logistas\/SPC Brasil, o n\u00famero de inadimplentes \u00e9 maior na faixa de d\u00edvidas com tr\u00eas a cinco anos de atraso (11,1%). \u201cElas acabam ficando pra tr\u00e1s, porque as pessoas acham que s\u00e3o impag\u00e1veis, mas d\u00e1 para negociar. O endividado tem de ser criativo para apertar o or\u00e7amento, mas sempre d\u00e1 pra negociar\u201d, concluiu Marcela Kawauti.<\/p>\n<p>Andreia Verd\u00e9lio &#8211; Rep\u00f3rter da Ag\u00eancia Brasil<br \/>\nEdi\u00e7\u00e3o: Armando Cardoso<\/p>\n","protected":false},"excerpt":{"rendered":"<p>O n\u00famero de consumidores com contas a pagar no m\u00eas passado aumentou 3,76%, na compara\u00e7\u00e3o com mar\u00e7o do ano passado. Hoje, 37,5% da popula\u00e7\u00e3o brasileira entre 18 e 95 anos est\u00e3o negativados em bancos ou outros servi\u00e7os que implicam pagamento de boletos, como \u00e1gua, luz e telecomunica\u00e7\u00f5es. S\u00e3o 54,7 milh\u00f5es de brasileiros endividados. Tamb\u00e9m houve [&hellip;]<\/p>\n","protected":false},"author":2,"featured_media":57585,"comment_status":"open","ping_status":"closed","sticky":false,"template":"","format":"standard","meta":{"_genesis_hide_title":false,"_genesis_hide_breadcrumbs":false,"_genesis_hide_singular_image":false,"_genesis_hide_footer_widgets":false,"_genesis_custom_body_class":"","_genesis_custom_post_class":"","_genesis_layout":"","_jetpack_memberships_contains_paid_content":false,"footnotes":""},"categories":[22,7],"tags":[],"class_list":{"0":"post-69111","1":"post","2":"type-post","3":"status-publish","4":"format-standard","5":"has-post-thumbnail","7":"category-brasil","8":"category-economia","9":"entry","10":"gs-1","11":"gs-odd","12":"gs-even","13":"gs-featured-content-entry"},"jetpack_featured_media_url":"https:\/\/www.redenoticia.com.br\/noticia\/imagens\/analise-economia.jpg","jetpack_sharing_enabled":true,"jetpack_likes_enabled":true,"_links":{"self":[{"href":"https:\/\/www.redenoticia.com.br\/noticia\/wp-json\/wp\/v2\/posts\/69111","targetHints":{"allow":["GET"]}}],"collection":[{"href":"https:\/\/www.redenoticia.com.br\/noticia\/wp-json\/wp\/v2\/posts"}],"about":[{"href":"https:\/\/www.redenoticia.com.br\/noticia\/wp-json\/wp\/v2\/types\/post"}],"author":[{"embeddable":true,"href":"https:\/\/www.redenoticia.com.br\/noticia\/wp-json\/wp\/v2\/users\/2"}],"replies":[{"embeddable":true,"href":"https:\/\/www.redenoticia.com.br\/noticia\/wp-json\/wp\/v2\/comments?post=69111"}],"version-history":[{"count":0,"href":"https:\/\/www.redenoticia.com.br\/noticia\/wp-json\/wp\/v2\/posts\/69111\/revisions"}],"wp:featuredmedia":[{"embeddable":true,"href":"https:\/\/www.redenoticia.com.br\/noticia\/wp-json\/wp\/v2\/media\/57585"}],"wp:attachment":[{"href":"https:\/\/www.redenoticia.com.br\/noticia\/wp-json\/wp\/v2\/media?parent=69111"}],"wp:term":[{"taxonomy":"category","embeddable":true,"href":"https:\/\/www.redenoticia.com.br\/noticia\/wp-json\/wp\/v2\/categories?post=69111"},{"taxonomy":"post_tag","embeddable":true,"href":"https:\/\/www.redenoticia.com.br\/noticia\/wp-json\/wp\/v2\/tags?post=69111"}],"curies":[{"name":"wp","href":"https:\/\/api.w.org\/{rel}","templated":true}]}}