{"id":69108,"date":"2015-04-13T16:22:40","date_gmt":"2015-04-13T19:22:40","guid":{"rendered":"http:\/\/www.redenoticia.com.br\/noticia\/?p=69108"},"modified":"2015-04-13T16:22:40","modified_gmt":"2015-04-13T19:22:40","slug":"mercado-projeta-em-813-a-inflacao-para-2015","status":"publish","type":"post","link":"https:\/\/www.redenoticia.com.br\/noticia\/2015\/mercado-projeta-em-813-a-inflacao-para-2015\/69108","title":{"rendered":"Mercado projeta em 8,13% a infla\u00e7\u00e3o para 2015"},"content":{"rendered":"<p> Depois de 14 semanas em eleva\u00e7\u00e3o, o mercado financeiro reduziu a expectativa em rela\u00e7\u00e3o \u00e0 <strong><em>infla\u00e7\u00e3o<\/em><\/strong>: o \u00cdndice de Pre\u00e7os ao Consumidor Amplo (IPCA), estimado para 2015, caiu de 8,20% para 8,13%. O \u00edndice esperado, por\u00e9m, est\u00e1 acima do teto superior da meta, que \u00e9 6,5%.<\/p>\n<p>Apesar da previs\u00e3o de queda da infla\u00e7\u00e3o, o pessimismo persiste em rela\u00e7\u00e3o \u00e0 perspectiva de crescimento do Produto Interno Bruto (PIB), conjunto de bens e servi\u00e7os produzidos no pa\u00eds. Na avalia\u00e7\u00e3o dos investidores e analistas do mercado, a contra\u00e7\u00e3o da economia ser\u00e1 equivalente a 1,01%. Os n\u00fameros est\u00e3o no relat\u00f3rio Focus, divulgado semanalmente pelo Banco Central.<\/p>\n<p>N\u00e3o houve altera\u00e7\u00e3o no c\u00e2mbio: a estimativa \u00e9 R$ 3,25 para cada d\u00f3lar no final deste ano. A estimativa de juros b\u00e1sicos da economia (Selic), de acordo com a proje\u00e7\u00e3o do mercado financeiro, \u00e9 13,25% (ao ano) no final de 2015. Os pre\u00e7os administrados pelo governo, como luz e gasolina, dever\u00e3o ter um reajuste de 13%, na expectativa do mercado. A d\u00edvida l\u00edquida do setor p\u00fablico em propor\u00e7\u00e3o do PIB \u00e9 estimada em 38%.<\/p>\n<p>Nas contas externas, a proje\u00e7\u00e3o do mercado \u00e9 que o saldo das compras e vendas de mercadorias e servi\u00e7os do Brasil com o resto do mundo tenha um d\u00e9ficit (em conta corrente) de US$ 77 bilh\u00f5es. O saldo (positivo) da balan\u00e7a comercial alcan\u00e7ar\u00e1, no final de ano, US$ 4,3 bilh\u00f5es. Os investimentos estrangeiros diretos estimados para o mesmo per\u00edodo alcan\u00e7ar\u00e3o US$ 56 bilh\u00f5es, em 2015, de acordo com a expectativa do mercado.<\/p>\n<p>Daniel Lima &#8211; Rep\u00f3rter da Ag\u00eancia Brasil<br \/>\nEdi\u00e7\u00e3o: Jos\u00e9 Romildo<\/p>\n","protected":false},"excerpt":{"rendered":"<p>Depois de 14 semanas em eleva\u00e7\u00e3o, o mercado financeiro reduziu a expectativa em rela\u00e7\u00e3o \u00e0 infla\u00e7\u00e3o: o \u00cdndice de Pre\u00e7os ao Consumidor Amplo (IPCA), estimado para 2015, caiu de 8,20% para 8,13%. O \u00edndice esperado, por\u00e9m, est\u00e1 acima do teto superior da meta, que \u00e9 6,5%. Apesar da previs\u00e3o de queda da infla\u00e7\u00e3o, o pessimismo [&hellip;]<\/p>\n","protected":false},"author":2,"featured_media":57584,"comment_status":"open","ping_status":"closed","sticky":false,"template":"","format":"standard","meta":{"_genesis_hide_title":false,"_genesis_hide_breadcrumbs":false,"_genesis_hide_singular_image":false,"_genesis_hide_footer_widgets":false,"_genesis_custom_body_class":"","_genesis_custom_post_class":"","_genesis_layout":"","_jetpack_memberships_contains_paid_content":false,"footnotes":""},"categories":[22,7],"tags":[],"class_list":{"0":"post-69108","1":"post","2":"type-post","3":"status-publish","4":"format-standard","5":"has-post-thumbnail","7":"category-brasil","8":"category-economia","9":"entry","10":"gs-1","11":"gs-odd","12":"gs-even","13":"gs-featured-content-entry"},"jetpack_featured_media_url":"https:\/\/www.redenoticia.com.br\/noticia\/imagens\/economia-grafica-analise-inflacao.jpg","jetpack_sharing_enabled":true,"jetpack_likes_enabled":true,"_links":{"self":[{"href":"https:\/\/www.redenoticia.com.br\/noticia\/wp-json\/wp\/v2\/posts\/69108","targetHints":{"allow":["GET"]}}],"collection":[{"href":"https:\/\/www.redenoticia.com.br\/noticia\/wp-json\/wp\/v2\/posts"}],"about":[{"href":"https:\/\/www.redenoticia.com.br\/noticia\/wp-json\/wp\/v2\/types\/post"}],"author":[{"embeddable":true,"href":"https:\/\/www.redenoticia.com.br\/noticia\/wp-json\/wp\/v2\/users\/2"}],"replies":[{"embeddable":true,"href":"https:\/\/www.redenoticia.com.br\/noticia\/wp-json\/wp\/v2\/comments?post=69108"}],"version-history":[{"count":0,"href":"https:\/\/www.redenoticia.com.br\/noticia\/wp-json\/wp\/v2\/posts\/69108\/revisions"}],"wp:featuredmedia":[{"embeddable":true,"href":"https:\/\/www.redenoticia.com.br\/noticia\/wp-json\/wp\/v2\/media\/57584"}],"wp:attachment":[{"href":"https:\/\/www.redenoticia.com.br\/noticia\/wp-json\/wp\/v2\/media?parent=69108"}],"wp:term":[{"taxonomy":"category","embeddable":true,"href":"https:\/\/www.redenoticia.com.br\/noticia\/wp-json\/wp\/v2\/categories?post=69108"},{"taxonomy":"post_tag","embeddable":true,"href":"https:\/\/www.redenoticia.com.br\/noticia\/wp-json\/wp\/v2\/tags?post=69108"}],"curies":[{"name":"wp","href":"https:\/\/api.w.org\/{rel}","templated":true}]}}