{"id":69106,"date":"2015-04-13T16:20:01","date_gmt":"2015-04-13T19:20:01","guid":{"rendered":"http:\/\/www.redenoticia.com.br\/noticia\/?p=69106"},"modified":"2015-04-13T16:20:01","modified_gmt":"2015-04-13T19:20:01","slug":"busca-por-credito-cresceu-167-em-marco-e-acumula-59-no-1o-trimestre","status":"publish","type":"post","link":"https:\/\/www.redenoticia.com.br\/noticia\/2015\/busca-por-credito-cresceu-167-em-marco-e-acumula-59-no-1o-trimestre\/69106","title":{"rendered":"Busca por cr\u00e9dito cresceu 16,7% em mar\u00e7o e acumula 5,9% no 1\u00ba trimestre"},"content":{"rendered":"<p> Ap\u00f3s dois meses em queda, a <strong><em>demanda do consumidor<\/em> por cr\u00e9dito<\/strong> voltou a subir em mar\u00e7o, com alta de 16,7% na compara\u00e7\u00e3o com fevereiro, e de 14,9% em rela\u00e7\u00e3o a mar\u00e7o do ano passado. Com isso, a busca do consumidor por cr\u00e9dito acumula alta de 5,9% no primeiro trimestre de 2015.<\/p>\n<p>Na avalia\u00e7\u00e3o dos economistas da Serasa Experian, respons\u00e1vel pela pesquisa, o resultado reflete um maior n\u00famero de dias \u00fateis em mar\u00e7o deste ano, em rela\u00e7\u00e3o a 2014. O feriado do carnaval caiu em fevereiro, enquanto em 2014 os dias de folga ocorreram em mar\u00e7o. Foram, portanto, 22 dias \u00fateis em mar\u00e7o de 2015 contra 18 do m\u00eas anterior. No mesmo per\u00edodo do ano passado, foram 19 dias.<\/p>\n<p>Ao se fazer o ajuste por dias \u00fateis, verifica-se um recuo de 5% em mar\u00e7o na compara\u00e7\u00e3o com o m\u00eas anterior e queda de 0,8% em rela\u00e7\u00e3o a mar\u00e7o do ano passado. Para a Serasa Experian, esses dados mostram \u201co momento conjuntural adverso \u00e0 amplia\u00e7\u00e3o do endividamento dos consumidores (infla\u00e7\u00e3o alta, taxas de juros em ascens\u00e3o e perspectivas de eleva\u00e7\u00e3o do n\u00edvel de desemprego no pa\u00eds)\u201d.<\/p>\n<p>Considerando as faixas de renda, houve aumento da procura por cr\u00e9dito em todas elas em rela\u00e7\u00e3o a fevereiro. Para quem ganha at\u00e9 R$ 1 mil por m\u00eas, a alta foi 16,8%. Os consumidores com renda entre R$ 1 mil e R$ 2 mil mensais e os que recebem entre R$ 2 mil e R$ 5 mil, tiveram eleva\u00e7\u00e3o de 15,6% e 15,3%, respectivamente. Nas faixas de renda mensal mais alta, houve alta de 14,8%, para quem ganha entre R$ 5 mil e R$ 10 mil por m\u00eas e de 14,7% para os que ganham mais de R$ 10 mil.<\/p>\n<p>Todas as regi\u00f5es do pa\u00eds registraram eleva\u00e7\u00f5es no indicador em rela\u00e7\u00e3o a fevereiro. As maiores altas ocorreram no Nordeste (18%) e no Sul (17,3%). Em seguida, aparecem as regi\u00f5es Sudeste (15,7%) e Norte (14,5%). O menor avan\u00e7o mensal foi no Centro-Oeste (13,1%). Na compara\u00e7\u00e3o com o primeiro trimestre de 2014, tamb\u00e9m houve aumento da demanda em todas a regi\u00f5es: 17,9% no Centro-Oeste, 12% no Norte, 6,9% no Nordeste, 4,8% no Sul e 3,2% no Sudeste.<\/p>\n<p>Camila Maciel &#8211; Rep\u00f3rter da Ag\u00eancia Brasil<br \/>\nEdi\u00e7\u00e3o: Jorge Wamburg<\/p>\n","protected":false},"excerpt":{"rendered":"<p>Ap\u00f3s dois meses em queda, a demanda do consumidor por cr\u00e9dito voltou a subir em mar\u00e7o, com alta de 16,7% na compara\u00e7\u00e3o com fevereiro, e de 14,9% em rela\u00e7\u00e3o a mar\u00e7o do ano passado. Com isso, a busca do consumidor por cr\u00e9dito acumula alta de 5,9% no primeiro trimestre de 2015. Na avalia\u00e7\u00e3o dos economistas [&hellip;]<\/p>\n","protected":false},"author":2,"featured_media":40734,"comment_status":"open","ping_status":"closed","sticky":false,"template":"","format":"standard","meta":{"_genesis_hide_title":false,"_genesis_hide_breadcrumbs":false,"_genesis_hide_singular_image":false,"_genesis_hide_footer_widgets":false,"_genesis_custom_body_class":"","_genesis_custom_post_class":"","_genesis_layout":"","_jetpack_memberships_contains_paid_content":false,"footnotes":""},"categories":[22,7],"tags":[],"class_list":{"0":"post-69106","1":"post","2":"type-post","3":"status-publish","4":"format-standard","5":"has-post-thumbnail","7":"category-brasil","8":"category-economia","9":"entry","10":"gs-1","11":"gs-odd","12":"gs-even","13":"gs-featured-content-entry"},"jetpack_featured_media_url":"https:\/\/www.redenoticia.com.br\/noticia\/imagens\/economia-resultados.jpg","jetpack_sharing_enabled":true,"jetpack_likes_enabled":true,"_links":{"self":[{"href":"https:\/\/www.redenoticia.com.br\/noticia\/wp-json\/wp\/v2\/posts\/69106","targetHints":{"allow":["GET"]}}],"collection":[{"href":"https:\/\/www.redenoticia.com.br\/noticia\/wp-json\/wp\/v2\/posts"}],"about":[{"href":"https:\/\/www.redenoticia.com.br\/noticia\/wp-json\/wp\/v2\/types\/post"}],"author":[{"embeddable":true,"href":"https:\/\/www.redenoticia.com.br\/noticia\/wp-json\/wp\/v2\/users\/2"}],"replies":[{"embeddable":true,"href":"https:\/\/www.redenoticia.com.br\/noticia\/wp-json\/wp\/v2\/comments?post=69106"}],"version-history":[{"count":0,"href":"https:\/\/www.redenoticia.com.br\/noticia\/wp-json\/wp\/v2\/posts\/69106\/revisions"}],"wp:featuredmedia":[{"embeddable":true,"href":"https:\/\/www.redenoticia.com.br\/noticia\/wp-json\/wp\/v2\/media\/40734"}],"wp:attachment":[{"href":"https:\/\/www.redenoticia.com.br\/noticia\/wp-json\/wp\/v2\/media?parent=69106"}],"wp:term":[{"taxonomy":"category","embeddable":true,"href":"https:\/\/www.redenoticia.com.br\/noticia\/wp-json\/wp\/v2\/categories?post=69106"},{"taxonomy":"post_tag","embeddable":true,"href":"https:\/\/www.redenoticia.com.br\/noticia\/wp-json\/wp\/v2\/tags?post=69106"}],"curies":[{"name":"wp","href":"https:\/\/api.w.org\/{rel}","templated":true}]}}