{"id":69104,"date":"2015-04-13T16:18:01","date_gmt":"2015-04-13T19:18:01","guid":{"rendered":"http:\/\/www.redenoticia.com.br\/noticia\/?p=69104"},"modified":"2015-04-13T16:18:01","modified_gmt":"2015-04-13T19:18:01","slug":"inflacao-para-a-terceira-idade-fecha-primeiro-trimestre-em-416","status":"publish","type":"post","link":"https:\/\/www.redenoticia.com.br\/noticia\/2015\/inflacao-para-a-terceira-idade-fecha-primeiro-trimestre-em-416\/69104","title":{"rendered":"Infla\u00e7\u00e3o para a terceira idade fecha primeiro trimestre em 4,16%"},"content":{"rendered":"<p> O \u00cdndice de Pre\u00e7os ao Consumidor da Terceira Idade (IPC-3i), que mede a varia\u00e7\u00e3o de pre\u00e7os da cesta de compras de pessoas com mais de 60 anos de idade, registrou <strong><em>infla\u00e7\u00e3o<\/em><\/strong> de 4,16% no primeiro trimestre do ano. O dado foi divulgado pela Funda\u00e7\u00e3o Getulio Vargas (FGV).<\/p>\n<p>No quarto trimestre de 2014, a taxa variou 2,02%. A alta do \u00edndice foi influenciada pelo aumento dos custos de itens como os transportes (cuja taxa passou de 1,96% para 4,98%) e alimentos (que passaram de 2,92% para 4,31%).<\/p>\n<p>A gasolina, com infla\u00e7\u00e3o de 9,85%, e as hortali\u00e7as e legumes, com taxa de 26,38%, est\u00e3o entre os produtos que mais puxaram a alta de pre\u00e7os no primeiro trimestre do ano. Outros grupos de despesas com alta na taxa foram despesas diversas (de 0,56% para 3,65%) e sa\u00fade e cuidados pessoais (de 1,47% para 1,59%).<\/p>\n<p>Tr\u00eas classes de despesa tiveram queda na taxa: vestu\u00e1rio (de 2,16% para -0,64%), educa\u00e7\u00e3o, leitura e recrea\u00e7\u00e3o (de 2,94% para 2,10%) e comunica\u00e7\u00e3o (de 0,85% para 0,38%).<\/p>\n<p>Segundo a FGV, em 12 meses, o indicador acumula taxa de 8,56%, abaixo dos 8,59% registrados pelo \u00cdndice de Pre\u00e7os ao Consumidor-Brasil (IPC-BR), que mede a infla\u00e7\u00e3o para todas as faixas de renda.<\/p>\n<p>Vitor Abdala &#8211; Rep\u00f3rter da Ag\u00eancia Brasil<br \/>\nEdi\u00e7\u00e3o: Jos\u00e9 Romildo<\/p>\n","protected":false},"excerpt":{"rendered":"<p>O \u00cdndice de Pre\u00e7os ao Consumidor da Terceira Idade (IPC-3i), que mede a varia\u00e7\u00e3o de pre\u00e7os da cesta de compras de pessoas com mais de 60 anos de idade, registrou infla\u00e7\u00e3o de 4,16% no primeiro trimestre do ano. O dado foi divulgado pela Funda\u00e7\u00e3o Getulio Vargas (FGV). No quarto trimestre de 2014, a taxa variou [&hellip;]<\/p>\n","protected":false},"author":2,"featured_media":34916,"comment_status":"open","ping_status":"closed","sticky":false,"template":"","format":"standard","meta":{"_genesis_hide_title":false,"_genesis_hide_breadcrumbs":false,"_genesis_hide_singular_image":false,"_genesis_hide_footer_widgets":false,"_genesis_custom_body_class":"","_genesis_custom_post_class":"","_genesis_layout":"","_jetpack_memberships_contains_paid_content":false,"footnotes":""},"categories":[22,7],"tags":[],"class_list":{"0":"post-69104","1":"post","2":"type-post","3":"status-publish","4":"format-standard","5":"has-post-thumbnail","7":"category-brasil","8":"category-economia","9":"entry","10":"gs-1","11":"gs-odd","12":"gs-even","13":"gs-featured-content-entry"},"jetpack_featured_media_url":"https:\/\/www.redenoticia.com.br\/noticia\/imagens\/inflacao.jpg","jetpack_sharing_enabled":true,"jetpack_likes_enabled":true,"_links":{"self":[{"href":"https:\/\/www.redenoticia.com.br\/noticia\/wp-json\/wp\/v2\/posts\/69104","targetHints":{"allow":["GET"]}}],"collection":[{"href":"https:\/\/www.redenoticia.com.br\/noticia\/wp-json\/wp\/v2\/posts"}],"about":[{"href":"https:\/\/www.redenoticia.com.br\/noticia\/wp-json\/wp\/v2\/types\/post"}],"author":[{"embeddable":true,"href":"https:\/\/www.redenoticia.com.br\/noticia\/wp-json\/wp\/v2\/users\/2"}],"replies":[{"embeddable":true,"href":"https:\/\/www.redenoticia.com.br\/noticia\/wp-json\/wp\/v2\/comments?post=69104"}],"version-history":[{"count":0,"href":"https:\/\/www.redenoticia.com.br\/noticia\/wp-json\/wp\/v2\/posts\/69104\/revisions"}],"wp:featuredmedia":[{"embeddable":true,"href":"https:\/\/www.redenoticia.com.br\/noticia\/wp-json\/wp\/v2\/media\/34916"}],"wp:attachment":[{"href":"https:\/\/www.redenoticia.com.br\/noticia\/wp-json\/wp\/v2\/media?parent=69104"}],"wp:term":[{"taxonomy":"category","embeddable":true,"href":"https:\/\/www.redenoticia.com.br\/noticia\/wp-json\/wp\/v2\/categories?post=69104"},{"taxonomy":"post_tag","embeddable":true,"href":"https:\/\/www.redenoticia.com.br\/noticia\/wp-json\/wp\/v2\/tags?post=69104"}],"curies":[{"name":"wp","href":"https:\/\/api.w.org\/{rel}","templated":true}]}}