{"id":69082,"date":"2015-04-12T19:18:24","date_gmt":"2015-04-12T22:18:24","guid":{"rendered":"http:\/\/www.redenoticia.com.br\/noticia\/?p=69082"},"modified":"2015-04-12T19:18:24","modified_gmt":"2015-04-12T22:18:24","slug":"protestos-contra-o-governo-dilma-em-varias-cidades-do-pais","status":"publish","type":"post","link":"https:\/\/www.redenoticia.com.br\/noticia\/2015\/protestos-contra-o-governo-dilma-em-varias-cidades-do-pais\/69082","title":{"rendered":"Protestos contra o governo Dilma em v\u00e1rias cidades do pa\u00eds"},"content":{"rendered":"<p> Os <strong><em>protestos contra o governo<\/em><\/strong> da presidenta Dilma Rousseff e pelo fim da corrup\u00e7\u00e3o se repetiram no domingo (12) em v\u00e1rias cidades do pa\u00eds. No dia 15 de mar\u00e7o, manifestantes foram \u00e0s ruas pelos mesmos motivos.<\/p>\n<p>Em Bras\u00edlia, pelo menos 20 mil pessoas, de acordo com a Pol\u00edcia Militar (PM), caminharam pela Esplanada dos Minist\u00e9rios em dire\u00e7\u00e3o ao Congresso Nacional com faixas e palavras de ordem pedindo a sa\u00edda de Dilma do governo e o fim da corrup\u00e7\u00e3o, entre outros. Vestidos de verde e amarelo e com bandeiras do Brasil, os manifestantes foram acompanhados por 3 mil policiais. Em mar\u00e7o, 45 mil pessoas participaram da marcha na capital, segundo a PM.<\/p>\n<p> Em Belo Horizonte, o protesto se concentrou na Pra\u00e7a da Liberdade. Convocado pelas redes sociais por diversas organiza\u00e7\u00f5es, o ato tamb\u00e9m pediu o fim da corrup\u00e7\u00e3o, a reforma pol\u00edtica e o impeachment da presidenta Dilma. De acordo com a PM de Minas Gerais, por volta de 12h, 3 mil pessoas participavam do protesto. Na manifesta\u00e7\u00e3o do dia 15 de mar\u00e7o, 24 mil pessoas estiveram no local, tamb\u00e9m segundo a pol\u00edcia. <\/p>\n<p>Em Manaus, a concentra\u00e7\u00e3o, marcada para as 9h, na Pra\u00e7a do Congresso, no centro da capital, come\u00e7ou t\u00edmida por causa da chuva, segundo os organizadores. De acordo com o integrante do Movimento Brasil Livre Jean Batista, cerca de 10 mil pessoas participaram da manifesta\u00e7\u00e3o. A Pol\u00edcia Militar informou que, por volta das 11h, havia 360 manifestantes. O grupo caminhou por algumas ruas do centro da capital amazonense e j\u00e1 come\u00e7ou a se dispersar. Segundo a PM, 420 pol\u00edcias militares acompanham o movimento e nenhuma ocorr\u00eancia foi registrada.<\/p>\n<p>Em S\u00e3o Lu\u00eds, cerca de 3 mil manifestantes se concentraram na Avenida Litor\u00e2nea, segundo os organizadores do Movimento Brasil Livre. A PM informou que um n\u00famero reduzido de pessoas participou do movimento. Aproximadamente 20 policiais acompanharam a manifesta\u00e7\u00e3o.<\/p>\n<p>No Rio de Janeiro, a orla de Copacabana voltou a ser tomada por manifestantes contr\u00e1rios ao governo. Acompanhados de tr\u00eas carros de som e com bandeiras diversas, o grupo caminhou pela Avenida Atl\u00e2ntica. Tamb\u00e9m houve protesto em Alagoas, Amap\u00e1, Cear\u00e1, Esp\u00edrito Santo, Mato Grosso, Mato Grosso do Sul, Goi\u00e1s, Para\u00edba, Paran\u00e1, Pernambuco, Piau\u00ed, Rio Grande do Norte, Rio Grande do Sul, Rond\u00f4nia, Roraima, Santa Catarina, Sergipe e Tocantins.<\/p>\n<p>Andreia Verd\u00e9lio e Luana Louren\u00e7o &#8211; Rep\u00f3rteres da Ag\u00eancia Brasil<br \/>\nEdi\u00e7\u00e3o: Juliana Andrade<\/p>\n","protected":false},"excerpt":{"rendered":"<p>Os protestos contra o governo da presidenta Dilma Rousseff e pelo fim da corrup\u00e7\u00e3o se repetiram no domingo (12) em v\u00e1rias cidades do pa\u00eds. No dia 15 de mar\u00e7o, manifestantes foram \u00e0s ruas pelos mesmos motivos. Em Bras\u00edlia, pelo menos 20 mil pessoas, de acordo com a Pol\u00edcia Militar (PM), caminharam pela Esplanada dos Minist\u00e9rios [&hellip;]<\/p>\n","protected":false},"author":2,"featured_media":34796,"comment_status":"open","ping_status":"closed","sticky":false,"template":"","format":"standard","meta":{"_genesis_hide_title":false,"_genesis_hide_breadcrumbs":false,"_genesis_hide_singular_image":false,"_genesis_hide_footer_widgets":false,"_genesis_custom_body_class":"","_genesis_custom_post_class":"","_genesis_layout":"","_jetpack_memberships_contains_paid_content":false,"footnotes":""},"categories":[22],"tags":[],"class_list":{"0":"post-69082","1":"post","2":"type-post","3":"status-publish","4":"format-standard","5":"has-post-thumbnail","7":"category-brasil","8":"entry","9":"gs-1","10":"gs-odd","11":"gs-even","12":"gs-featured-content-entry"},"jetpack_featured_media_url":"https:\/\/www.redenoticia.com.br\/noticia\/imagens\/dilma-foto-wilson-dias-abr.jpg","jetpack_sharing_enabled":true,"jetpack_likes_enabled":true,"_links":{"self":[{"href":"https:\/\/www.redenoticia.com.br\/noticia\/wp-json\/wp\/v2\/posts\/69082","targetHints":{"allow":["GET"]}}],"collection":[{"href":"https:\/\/www.redenoticia.com.br\/noticia\/wp-json\/wp\/v2\/posts"}],"about":[{"href":"https:\/\/www.redenoticia.com.br\/noticia\/wp-json\/wp\/v2\/types\/post"}],"author":[{"embeddable":true,"href":"https:\/\/www.redenoticia.com.br\/noticia\/wp-json\/wp\/v2\/users\/2"}],"replies":[{"embeddable":true,"href":"https:\/\/www.redenoticia.com.br\/noticia\/wp-json\/wp\/v2\/comments?post=69082"}],"version-history":[{"count":0,"href":"https:\/\/www.redenoticia.com.br\/noticia\/wp-json\/wp\/v2\/posts\/69082\/revisions"}],"wp:featuredmedia":[{"embeddable":true,"href":"https:\/\/www.redenoticia.com.br\/noticia\/wp-json\/wp\/v2\/media\/34796"}],"wp:attachment":[{"href":"https:\/\/www.redenoticia.com.br\/noticia\/wp-json\/wp\/v2\/media?parent=69082"}],"wp:term":[{"taxonomy":"category","embeddable":true,"href":"https:\/\/www.redenoticia.com.br\/noticia\/wp-json\/wp\/v2\/categories?post=69082"},{"taxonomy":"post_tag","embeddable":true,"href":"https:\/\/www.redenoticia.com.br\/noticia\/wp-json\/wp\/v2\/tags?post=69082"}],"curies":[{"name":"wp","href":"https:\/\/api.w.org\/{rel}","templated":true}]}}