{"id":69080,"date":"2015-04-12T19:11:40","date_gmt":"2015-04-12T22:11:40","guid":{"rendered":"http:\/\/www.redenoticia.com.br\/noticia\/?p=69080"},"modified":"2015-04-12T19:11:40","modified_gmt":"2015-04-12T22:11:40","slug":"manifestacao-contra-o-governo-na-avenida-paulista-termina-de-forma-pacifica","status":"publish","type":"post","link":"https:\/\/www.redenoticia.com.br\/noticia\/2015\/manifestacao-contra-o-governo-na-avenida-paulista-termina-de-forma-pacifica\/69080","title":{"rendered":"Manifesta\u00e7\u00e3o contra o governo na Avenida Paulista termina de forma pac\u00edfica"},"content":{"rendered":"<p> A <strong><em>manifesta\u00e7\u00e3o contra o governo<\/em><\/strong> e a corrup\u00e7\u00e3o ocorrida em S\u00e3o Paulo come\u00e7ou a se dispersar pouco depois das 18h. No final da tarde, em seu perfil na rede social Twitter, a Pol\u00edcia Militar (PM) divulgou que, \u00e0s 16h, os protestos na Avenida Paulista reuniram 275 mil pessoas. Segundo a PM, o ato ocorreu de forma \u201cabsolutamente pac\u00edfica\u201d. Na manifesta\u00e7\u00e3o do dia 15 de mar\u00e7o, a corpora\u00e7\u00e3o contabilizou 1 milh\u00e3o de pessoas.<\/p>\n<p>O protesto teve in\u00edcio \u00e0s 14h, por\u00e9m, ao meio-dia, a PM interrompeu o tr\u00e1fego na avenida para facilitar a concentra\u00e7\u00e3o dos manifestantes. O ato reuniu diversos grupos, sendo que parte deles pedia a sa\u00edda da presidenta Dilma Rousseff. Alguns chegaram a pedir interven\u00e7\u00e3o militar. Em uma reuni\u00e3o com a PM, foram determinados pontos fixos para os carros de som dos diferentes movimentos.<\/p>\n<p>Foram montadas ainda tendas, pelo partido Solidariedade, para a coleta de assinaturas de apoio a um pedido de impeachment da presidenta. Um grupo de caminhoneiros da Grande S\u00e3o Paulo estacionou na Rua da Consola\u00e7\u00e3o em apoio ao protesto.<\/p>\n<p>Andr\u00e9 Ara\u00fajo, de 34 anos, foi ao ato deste domingo porque considera a condi\u00e7\u00e3o atual do pa\u00eds inaceit\u00e1vel e enumerou como principais problemas a corrup\u00e7\u00e3o, a m\u00e1 gest\u00e3o, o desperd\u00edcio dos recursos p\u00fablicos, o aumento dos impostos, a infla\u00e7\u00e3o e o que ele considera uma m\u00e1 condu\u00e7\u00e3o da economia.<\/p>\n<p>\u201cA manifesta\u00e7\u00e3o \u00e9 uma maneira da popula\u00e7\u00e3o se expressar e isso ecoar para outras pessoas. Isso tem uma repercuss\u00e3o na m\u00eddia, nas cidades do interior, para as pessoas que tamb\u00e9m compartilham dessa opini\u00e3o\u201d.<\/p>\n<p> A aposentada Julia Maria, de 78 anos, manifestou-se contra a corrup\u00e7\u00e3o e defendendo mais oferta de servi\u00e7os p\u00fablicos que atendam \u00e0s necessidades do povo. \u201cEu n\u00e3o tenho sa\u00fade, n\u00e3o tenho educa\u00e7\u00e3o, n\u00e3o tenho seguran\u00e7a, n\u00e3o tenho nada. N\u00e3o tem nada de satisfat\u00f3rio. \u00c9 p\u00e9ssimo em todos os setores, federais, estaduais e municipais\u201d, disse. Julia pediu que o governo invista em educa\u00e7\u00e3o e cultura, principalmente.<\/p>\n<p>Marta Matos, de 52 anos, tamb\u00e9m est\u00e1 insatisfeita com os servi\u00e7os p\u00fablicos e a corrup\u00e7\u00e3o e disse que o governo precisa respeitar a popula\u00e7\u00e3o e trabalhar pelo povo. \u201cN\u00e3o quero \u2018Fora Dilma\u2019, n\u00e3o quero impeachment, s\u00f3 quero que [os governantes] tenham vergonha na cara e comecem a agir como pol\u00edticos que eles s\u00e3o\u201d, disse.<\/p>\n<p>Marta estava ao lado do marido, Paulo Matos, de 54 anos. Para ele, a corrup\u00e7\u00e3o \u00e9 a quest\u00e3o mais preocupante no pa\u00eds atualmente. \u201cA ansiedade e expectativa por mudan\u00e7a me trouxe para c\u00e1, n\u00e3o podemos ficar aguardando as coisas acontecerem. Temos que ser mais politizados e tentar mudar de alguma forma essa situa\u00e7\u00e3o\u201d, ressaltou.<\/p>\n<p>O movimento SOS For\u00e7as Armadas, que defende a interven\u00e7\u00e3o militar, teve a menor ades\u00e3o entre as organiza\u00e7\u00f5es que protestaram na Avenida Paulista na tarde de hoje. Em reuni\u00e3o com a Pol\u00edcia Militar, os grupos que convocaram a manifesta\u00e7\u00e3o definiram lugares fixos para os carros de som. Antes, o Movimento Brasil Livre chegou a acionar a Justi\u00e7a para que os grupos que defendiam a interven\u00e7\u00e3o militar mantivessem dist\u00e2ncia do carro de som do movimento. Com o acordo, cada grupo ficou com um espa\u00e7o definido, e o Brasil Livre desistiu da demanda judicial.<\/p>\n<p> Na opini\u00e3o de um dos organizadores do SOS For\u00e7as Militares, Mauro Guimar\u00e3es, a rejei\u00e7\u00e3o dos outros movimentos em rela\u00e7\u00e3o ao grupo \u00e9 fruto de preconceito. Segundo Guimar\u00e3es, que \u00e9 professor de ingl\u00eas e j\u00e1 serviu o Ex\u00e9rcito, a reivindica\u00e7\u00e3o do movimento \u00e9 baseada no Artigo 142 da Constitui\u00e7\u00e3o.<\/p>\n<p>Esse trecho da Carta Magna determina as atribui\u00e7\u00f5es e o funcionamento das For\u00e7as Armadas. Guimar\u00e3es, no entanto, acrescenta, por conta pr\u00f3pria, uma suposta previs\u00e3o de interven\u00e7\u00e3o militar ao texto constitucional. \u201cA interven\u00e7\u00e3o militar \u00e9 quando o povo pede\u201d, diz para tentar diferenciar a interven\u00e7\u00e3o de golpe militar, como o que levou \u00e0 ditadura iniciada em 1964 e que durou at\u00e9 1985.<\/p>\n<p>No per\u00edodo, o Estado brasileiro restringiu as liberdades individuais e praticou viola\u00e7\u00f5es dos direitos humanos. A imprensa foi censurada e a liberdade de express\u00e3o suprimida. A tortura foi usada nos interrogat\u00f3rios dos opositores do regime.<\/p>\n<p>Pelo menos 434 pessoas foram mortas ou desapareceram por a\u00e7\u00e3o dos agentes da repress\u00e3o. Mas, segundo o relat\u00f3rio final da Comiss\u00e3o Nacional da Verdade, o n\u00famero n\u00e3o leva em conta os camponeses e ind\u00edgenas que tamb\u00e9m sofreram com as a\u00e7\u00f5es dos agentes da ditadura. A identifica\u00e7\u00e3o dessas pessoas dever\u00e1 aumentar o n\u00famero de v\u00edtimas da ditadura.<\/p>\n<p>Camila Boehm e Daniel Mello \u2013 Rep\u00f3rteres da Ag\u00eancia Brasil<br \/>\nEdi\u00e7\u00e3o: F\u00e1bio Massalli<\/p>\n","protected":false},"excerpt":{"rendered":"<p>A manifesta\u00e7\u00e3o contra o governo e a corrup\u00e7\u00e3o ocorrida em S\u00e3o Paulo come\u00e7ou a se dispersar pouco depois das 18h. No final da tarde, em seu perfil na rede social Twitter, a Pol\u00edcia Militar (PM) divulgou que, \u00e0s 16h, os protestos na Avenida Paulista reuniram 275 mil pessoas. Segundo a PM, o ato ocorreu de [&hellip;]<\/p>\n","protected":false},"author":2,"featured_media":10771,"comment_status":"open","ping_status":"closed","sticky":false,"template":"","format":"standard","meta":{"_genesis_hide_title":false,"_genesis_hide_breadcrumbs":false,"_genesis_hide_singular_image":false,"_genesis_hide_footer_widgets":false,"_genesis_custom_body_class":"","_genesis_custom_post_class":"","_genesis_layout":"","_jetpack_memberships_contains_paid_content":false,"footnotes":""},"categories":[22],"tags":[],"class_list":{"0":"post-69080","1":"post","2":"type-post","3":"status-publish","4":"format-standard","5":"has-post-thumbnail","7":"category-brasil","8":"entry","9":"gs-1","10":"gs-odd","11":"gs-even","12":"gs-featured-content-entry"},"jetpack_featured_media_url":"https:\/\/www.redenoticia.com.br\/noticia\/imagens\/Brasil.jpg","jetpack_sharing_enabled":true,"jetpack_likes_enabled":true,"_links":{"self":[{"href":"https:\/\/www.redenoticia.com.br\/noticia\/wp-json\/wp\/v2\/posts\/69080","targetHints":{"allow":["GET"]}}],"collection":[{"href":"https:\/\/www.redenoticia.com.br\/noticia\/wp-json\/wp\/v2\/posts"}],"about":[{"href":"https:\/\/www.redenoticia.com.br\/noticia\/wp-json\/wp\/v2\/types\/post"}],"author":[{"embeddable":true,"href":"https:\/\/www.redenoticia.com.br\/noticia\/wp-json\/wp\/v2\/users\/2"}],"replies":[{"embeddable":true,"href":"https:\/\/www.redenoticia.com.br\/noticia\/wp-json\/wp\/v2\/comments?post=69080"}],"version-history":[{"count":0,"href":"https:\/\/www.redenoticia.com.br\/noticia\/wp-json\/wp\/v2\/posts\/69080\/revisions"}],"wp:featuredmedia":[{"embeddable":true,"href":"https:\/\/www.redenoticia.com.br\/noticia\/wp-json\/wp\/v2\/media\/10771"}],"wp:attachment":[{"href":"https:\/\/www.redenoticia.com.br\/noticia\/wp-json\/wp\/v2\/media?parent=69080"}],"wp:term":[{"taxonomy":"category","embeddable":true,"href":"https:\/\/www.redenoticia.com.br\/noticia\/wp-json\/wp\/v2\/categories?post=69080"},{"taxonomy":"post_tag","embeddable":true,"href":"https:\/\/www.redenoticia.com.br\/noticia\/wp-json\/wp\/v2\/tags?post=69080"}],"curies":[{"name":"wp","href":"https:\/\/api.w.org\/{rel}","templated":true}]}}