{"id":69025,"date":"2015-04-10T14:48:56","date_gmt":"2015-04-10T17:48:56","guid":{"rendered":"http:\/\/www.redenoticia.com.br\/noticia\/?p=69025"},"modified":"2015-04-10T14:48:56","modified_gmt":"2015-04-10T17:48:56","slug":"inflacao-para-familias-com-renda-mais-baixa-chega-a-164-em-marco","status":"publish","type":"post","link":"https:\/\/www.redenoticia.com.br\/noticia\/2015\/inflacao-para-familias-com-renda-mais-baixa-chega-a-164-em-marco\/69025","title":{"rendered":"Infla\u00e7\u00e3o para fam\u00edlias com renda mais baixa chega a 1,64% em mar\u00e7o"},"content":{"rendered":"<p> O \u00cdndice de Pre\u00e7os ao Consumidor-Classe 1 (IPC-C1), que mede a <strong><em>infla\u00e7\u00e3o<\/em><\/strong> para fam\u00edlias com renda at\u00e9 2,5 sal\u00e1rios m\u00ednimos, ficou em 1,64% em mar\u00e7o deste ano, taxa superior ao \u00edndice de 0,83% do m\u00eas anterior, informou a Funda\u00e7\u00e3o Getulio Vargas (FGV). A taxa tamb\u00e9m \u00e9 superior ao \u00cdndice de Pre\u00e7os ao Consumidor-Brasil (IPC-BR), que mede a infla\u00e7\u00e3o para todas as faixas de renda e ficou em 1,41%.<\/p>\n<p>Entre os principais respons\u00e1veis pela alta da infla\u00e7\u00e3o est\u00e3o os gastos com habita\u00e7\u00e3o, com destaque para o aumento do custo da eletricidade residencial, que teve uma infla\u00e7\u00e3o de 21,13% em mar\u00e7o. Em fevereiro, a infla\u00e7\u00e3o foi 1,08%. Os alimentos tamb\u00e9m tiveram alta, de 0,74%, em fevereiro, para 1,12% em mar\u00e7o.<\/p>\n<p>A infla\u00e7\u00e3o dos itens de sa\u00fade cresceu de 0,49% para 0,64% e da educa\u00e7\u00e3o, de 0,33% para 0,52%. Houve queda da taxa dos grupos de despesa transportes (que passou de 2,11% para 0,72%), despesas diversas (de 1,19% para 0,56%), comunica\u00e7\u00e3o (de 0,19% para -0,44%) e vestu\u00e1rio (de 0,05% para -0,27%).<\/p>\n<p>Em 12 meses, o IPC-C1 acumula taxa de 8,91%, acima do acumulado pelo IPC-BR (8,59%).<\/p>\n<p>Vitor Abdala &#8211; Rep\u00f3rter da Ag\u00eancia Brasil<br \/>\nEdi\u00e7\u00e3o: Jos\u00e9 Romildo<\/p>\n","protected":false},"excerpt":{"rendered":"<p>O \u00cdndice de Pre\u00e7os ao Consumidor-Classe 1 (IPC-C1), que mede a infla\u00e7\u00e3o para fam\u00edlias com renda at\u00e9 2,5 sal\u00e1rios m\u00ednimos, ficou em 1,64% em mar\u00e7o deste ano, taxa superior ao \u00edndice de 0,83% do m\u00eas anterior, informou a Funda\u00e7\u00e3o Getulio Vargas (FGV). A taxa tamb\u00e9m \u00e9 superior ao \u00cdndice de Pre\u00e7os ao Consumidor-Brasil (IPC-BR), que [&hellip;]<\/p>\n","protected":false},"author":2,"featured_media":57584,"comment_status":"open","ping_status":"closed","sticky":false,"template":"","format":"standard","meta":{"_genesis_hide_title":false,"_genesis_hide_breadcrumbs":false,"_genesis_hide_singular_image":false,"_genesis_hide_footer_widgets":false,"_genesis_custom_body_class":"","_genesis_custom_post_class":"","_genesis_layout":"","_jetpack_memberships_contains_paid_content":false,"footnotes":""},"categories":[22,7],"tags":[],"class_list":{"0":"post-69025","1":"post","2":"type-post","3":"status-publish","4":"format-standard","5":"has-post-thumbnail","7":"category-brasil","8":"category-economia","9":"entry","10":"gs-1","11":"gs-odd","12":"gs-even","13":"gs-featured-content-entry"},"jetpack_featured_media_url":"https:\/\/www.redenoticia.com.br\/noticia\/imagens\/economia-grafica-analise-inflacao.jpg","jetpack_sharing_enabled":true,"jetpack_likes_enabled":true,"_links":{"self":[{"href":"https:\/\/www.redenoticia.com.br\/noticia\/wp-json\/wp\/v2\/posts\/69025","targetHints":{"allow":["GET"]}}],"collection":[{"href":"https:\/\/www.redenoticia.com.br\/noticia\/wp-json\/wp\/v2\/posts"}],"about":[{"href":"https:\/\/www.redenoticia.com.br\/noticia\/wp-json\/wp\/v2\/types\/post"}],"author":[{"embeddable":true,"href":"https:\/\/www.redenoticia.com.br\/noticia\/wp-json\/wp\/v2\/users\/2"}],"replies":[{"embeddable":true,"href":"https:\/\/www.redenoticia.com.br\/noticia\/wp-json\/wp\/v2\/comments?post=69025"}],"version-history":[{"count":0,"href":"https:\/\/www.redenoticia.com.br\/noticia\/wp-json\/wp\/v2\/posts\/69025\/revisions"}],"wp:featuredmedia":[{"embeddable":true,"href":"https:\/\/www.redenoticia.com.br\/noticia\/wp-json\/wp\/v2\/media\/57584"}],"wp:attachment":[{"href":"https:\/\/www.redenoticia.com.br\/noticia\/wp-json\/wp\/v2\/media?parent=69025"}],"wp:term":[{"taxonomy":"category","embeddable":true,"href":"https:\/\/www.redenoticia.com.br\/noticia\/wp-json\/wp\/v2\/categories?post=69025"},{"taxonomy":"post_tag","embeddable":true,"href":"https:\/\/www.redenoticia.com.br\/noticia\/wp-json\/wp\/v2\/tags?post=69025"}],"curies":[{"name":"wp","href":"https:\/\/api.w.org\/{rel}","templated":true}]}}