{"id":69019,"date":"2015-04-10T14:30:03","date_gmt":"2015-04-10T17:30:03","guid":{"rendered":"http:\/\/www.redenoticia.com.br\/noticia\/?p=69019"},"modified":"2015-04-10T14:30:03","modified_gmt":"2015-04-10T17:30:03","slug":"nova-fase-da-lava-jato-investiga-fraudes-em-contratos-da-saude-e-da-caixa","status":"publish","type":"post","link":"https:\/\/www.redenoticia.com.br\/noticia\/2015\/nova-fase-da-lava-jato-investiga-fraudes-em-contratos-da-saude-e-da-caixa\/69019","title":{"rendered":"Nova fase da Lava Jato investiga fraudes em contratos da Sa\u00fade e da Caixa"},"content":{"rendered":"<p> A 11\u00aa fase da <strong><em>Opera\u00e7\u00e3o Lava Jato<\/em><\/strong>, deflagrada pela Pol\u00edcia Federal, investiga a exist\u00eancia de um esquema criminoso de fraude em contratos de publicidade do Minist\u00e9rio da Sa\u00fade e da Caixa Econ\u00f4mica Federal. Segundo a PF, as novas investiga\u00e7\u00f5es revelam que o deputado cassado Andr\u00e9 Vargas (sem partido-PR) \u00e9 suspeito de receber propina da ag\u00eancia de publicidade Borghierh Lowe Propaganda e Marketing Ltda., respons\u00e1vel pelas contas publicit\u00e1rias do banco estatal e do Minist\u00e9rio da Sa\u00fade.<\/p>\n<p> Andr\u00e9 Vargas foi um dos sete presos hoje pela PF. Al\u00e9m disso, a Justi\u00e7a Federal no Paran\u00e1 decretou o sequestro de uma casa do ex-deputado em Londrina (PR). Al\u00e9m do ex-petista, foram presos preventivamente os tamb\u00e9m os ex-deputados federais Luiz Arg\u00f4lo (SD-BA) e Pedro Corr\u00eaa (PP-PE) \u2013 condenado na A\u00e7\u00e3o Penal 470, o processo do mensal\u00e3o. Foram levados ainda para a Superintend\u00eancia da PF, em Curitiba, Leon Vargas, irm\u00e3o de Andr\u00e9 Vargas, Ivan Vernon da Silva Torres, Elia Santos da Hora (secret\u00e1ria de Arg\u00f4lo) e Ricardo Hoffmann, diretor da ag\u00eancia Borghierh Lowe Propaganda.<\/p>\n<p>\u201cEm s\u00edntese, a ag\u00eancia de publicidade Borghierh Lowe Propaganda e Marketing Ltda teria contratado servi\u00e7os das empresas E-noise, Luis Portela, Conspira\u00e7\u00e3o, Sagaz e Zulu Filmes para a realiza\u00e7\u00e3o de servi\u00e7os de publicidade para as referidas entidades p\u00fablicas [Caixa e Minist\u00e9rio da Sa\u00fade], e as orientado a realizar pagamentos de comiss\u00f5es de b\u00f4nus de volume nas contas das empresas Limiar e LSI controladas por Andr\u00e9 Vargas e seus irm\u00e3os\u201d, informa trecho do despacho do juiz federal 13\u00aa Vara Federal de Curitiba S\u00e9rgio Moro, respons\u00e1vel pelos processos decorrentes da Lava jato.<\/p>\n<p>Deflagrada em mar\u00e7o do ano passado para investigar um esquema de corrup\u00e7\u00e3o em contratos da Petrobras envolvendo as maiores empreiteiras do pa\u00eds, al\u00e9m de partidos e agentes pol\u00edticos, o Minist\u00e9rio P\u00fablico Federal e a Pol\u00edcia Federal passam, agora, a investigar esquemas criminosos em contratos em outros \u00f3rg\u00e3os p\u00fablicos sem rela\u00e7\u00e3o direta com a estatal de petr\u00f3leo. \u201cA partir de agora, os contratos de publicidade passam a ser um dos focos de investiga\u00e7\u00e3o da Lava Jato\u201d, disse o delegado federal M\u00e1rcio Anselmo.<\/p>\n<p>Presos hoje, os ex-deputados federais Luiz Arg\u00f4lo e Pedro Corr\u00eaa s\u00e3o suspeitos de receber propina do doleiro Alberto Youssef oriunda de fraude em contratos da Petrobras. Arg\u00f4lo tamb\u00e9m \u00e9 apontado pelo MPF e pela PF como s\u00f3cio de Youssef. O ex-parlamentar baiano foi citado no ano passado, mas, como tinha foro privilegiado, as investiga\u00e7\u00f5es foram interrompidas e retomadas ap\u00f3s ele deixar o Congresso. <\/p>\n<p>O Minist\u00e9rio da Sa\u00fade informou que divulgar\u00e1 uma nota sobre o assunto. A Caixa disse que abrir\u00e1 apura\u00e7\u00e3o interna para averiguar os fatos e que encaminhar\u00e1 imediatamente todos os contratos relacionados \u00e0s empresas citadas \u00e0 Controladoria-Geral da Uni\u00e3o, Pol\u00edcia Federal e ao Minist\u00e9rio P\u00fablico. A empresa de publicidade Borghierh Lowe Propaganda e Marketing Ltda. n\u00e3o atendeu \u00e0s liga\u00e7\u00f5es da Ag\u00eancia Brasil.<\/p>\n<p>Ivan Richard e Ana Cristina Campos &#8211; Rep\u00f3rteres da Ag\u00eancia Brasil<br \/>\nEdi\u00e7\u00e3o: Talita Cavalcante<\/p>\n","protected":false},"excerpt":{"rendered":"<p>A 11\u00aa fase da Opera\u00e7\u00e3o Lava Jato, deflagrada pela Pol\u00edcia Federal, investiga a exist\u00eancia de um esquema criminoso de fraude em contratos de publicidade do Minist\u00e9rio da Sa\u00fade e da Caixa Econ\u00f4mica Federal. Segundo a PF, as novas investiga\u00e7\u00f5es revelam que o deputado cassado Andr\u00e9 Vargas (sem partido-PR) \u00e9 suspeito de receber propina da ag\u00eancia [&hellip;]<\/p>\n","protected":false},"author":2,"featured_media":38938,"comment_status":"open","ping_status":"closed","sticky":false,"template":"","format":"standard","meta":{"_genesis_hide_title":false,"_genesis_hide_breadcrumbs":false,"_genesis_hide_singular_image":false,"_genesis_hide_footer_widgets":false,"_genesis_custom_body_class":"","_genesis_custom_post_class":"","_genesis_layout":"","_jetpack_memberships_contains_paid_content":false,"footnotes":""},"categories":[22],"tags":[],"class_list":{"0":"post-69019","1":"post","2":"type-post","3":"status-publish","4":"format-standard","5":"has-post-thumbnail","7":"category-brasil","8":"entry","9":"gs-1","10":"gs-odd","11":"gs-even","12":"gs-featured-content-entry"},"jetpack_featured_media_url":"https:\/\/www.redenoticia.com.br\/noticia\/imagens\/economia1.jpg","jetpack_sharing_enabled":true,"jetpack_likes_enabled":true,"_links":{"self":[{"href":"https:\/\/www.redenoticia.com.br\/noticia\/wp-json\/wp\/v2\/posts\/69019","targetHints":{"allow":["GET"]}}],"collection":[{"href":"https:\/\/www.redenoticia.com.br\/noticia\/wp-json\/wp\/v2\/posts"}],"about":[{"href":"https:\/\/www.redenoticia.com.br\/noticia\/wp-json\/wp\/v2\/types\/post"}],"author":[{"embeddable":true,"href":"https:\/\/www.redenoticia.com.br\/noticia\/wp-json\/wp\/v2\/users\/2"}],"replies":[{"embeddable":true,"href":"https:\/\/www.redenoticia.com.br\/noticia\/wp-json\/wp\/v2\/comments?post=69019"}],"version-history":[{"count":0,"href":"https:\/\/www.redenoticia.com.br\/noticia\/wp-json\/wp\/v2\/posts\/69019\/revisions"}],"wp:featuredmedia":[{"embeddable":true,"href":"https:\/\/www.redenoticia.com.br\/noticia\/wp-json\/wp\/v2\/media\/38938"}],"wp:attachment":[{"href":"https:\/\/www.redenoticia.com.br\/noticia\/wp-json\/wp\/v2\/media?parent=69019"}],"wp:term":[{"taxonomy":"category","embeddable":true,"href":"https:\/\/www.redenoticia.com.br\/noticia\/wp-json\/wp\/v2\/categories?post=69019"},{"taxonomy":"post_tag","embeddable":true,"href":"https:\/\/www.redenoticia.com.br\/noticia\/wp-json\/wp\/v2\/tags?post=69019"}],"curies":[{"name":"wp","href":"https:\/\/api.w.org\/{rel}","templated":true}]}}