{"id":69017,"date":"2015-04-10T14:26:49","date_gmt":"2015-04-10T17:26:49","guid":{"rendered":"http:\/\/www.redenoticia.com.br\/noticia\/?p=69017"},"modified":"2015-04-10T14:26:49","modified_gmt":"2015-04-10T17:26:49","slug":"rio-ambientalistas-conscientizam-frentistas-a-nao-encher-tanque-ate-a-boca","status":"publish","type":"post","link":"https:\/\/www.redenoticia.com.br\/noticia\/2015\/rio-ambientalistas-conscientizam-frentistas-a-nao-encher-tanque-ate-a-boca\/69017","title":{"rendered":"Rio: ambientalistas conscientizam frentistas a n\u00e3o encher tanque &#8220;at\u00e9 a boca&#8221;"},"content":{"rendered":"<p>Ambientalistas promoveram um ato para conscientizar motoristas do Rio de Janeiro sobre os riscos de encher o tanque de <strong><em>gasolina<\/em><\/strong> &#8220;at\u00e9 a boca&#8221;. Ao pedir para que os frentistas abaste\u00e7am o tanque al\u00e9m da programa\u00e7\u00e3o autom\u00e1tica das bombas, eles exp\u00f5em os profissionais a n\u00edveis at\u00e9 tr\u00eas vezes maiores de benzeno, subst\u00e2ncia considerada cancer\u00edgena.<\/p>\n<p>O m\u00e9dico do trabalho Luiz Roberto Ten\u00f3rio explica que a exposi\u00e7\u00e3o, ainda que pequena, causa problemas de sa\u00fade por ser di\u00e1ria e prolongada: &#8220;quando voc\u00ea manda encher o tanque [al\u00e9m do travamento], esse pouquinho [a mais] que passa faz com que o benzeno contamine os frentistas. E essa contamina\u00e7\u00e3o por benzeno \u00e9 muito perigosa porque pode causar c\u00e2ncer de pulm\u00e3o e \u00e9 respons\u00e1vel por uma doen\u00e7a muito grave que \u00e9 a leucemia&#8221;.<\/p>\n<p>Ten\u00f3rio destaca que a contamina\u00e7\u00e3o cr\u00f4nica por benzeno pode levar a complica\u00e7\u00f5es no f\u00edgado e nos rins e causar insufici\u00eancia renal e depress\u00e3o. Para os motoristas, n\u00e3o h\u00e1 riscos, j\u00e1 que a exposi\u00e7\u00e3o n\u00e3o \u00e9 prolongada.<\/p>\n<p>A pr\u00e1tica de abastecer al\u00e9m do travamento autom\u00e1tico da bomba j\u00e1 \u00e9 proibida por lei no estado. Em vigor desde 21 de janeiro deste ano, a Lei 6.964 de 2014 prev\u00ea multa de 5 mil Unidades Fiscais de Refer\u00eancia (Ufirs) \u2013 R$ 13.559 mil \u2013 para os postos de gasolina que descumprirem a legisla\u00e7\u00e3o. O valor pode chegar a R$ 27.119 mil caso haja reincid\u00eancia.<\/p>\n<p>Para o vice-presidente do Sindicato do Com\u00e9rcio Varejista de Combust\u00edveis, Lubrificantes e Lojas de Conveni\u00eancia do Munic\u00edpio do Rio de Janeiro (Sindcomb), \u00e9 preciso que mais motoristas conhe\u00e7am a nova legisla\u00e7\u00e3o e a respeitem. Ele disse que, al\u00e9m de prejudicar a sa\u00fade dos frentistas, encher o tanque at\u00e9 a boca danifica a pe\u00e7a respos\u00e1ns\u00e1vel por fazer o tanque &#8220;respirar&#8221;. &#8220;Tem um motivo ambiental e um motivo mec\u00e2nico. Completar o tanque \u00e9 uma coisa, encher at\u00e9 a boca \u00e9 outra coisa&#8221;, argumentou.<\/p>\n<p>Gerente do posto de gasolina em que foi feita a medi\u00e7\u00e3o, M\u00f4nica de Souza, de 46 anos, trabalha em postos de gasolina h\u00e1 14 anos e conta que os motoristas pedem com frequ\u00eancia para encher o tanque ao limite. &#8220;Insistem, brigam, mas a gente explica que pode prejudicar o carro dele e que n\u00e3o \u00e9 certo, e eles entendem&#8221;.<\/p>\n<p>Vin\u00edcius Lisboa &#8211; Rep\u00f3rter da Ag\u00eancia Brasil<br \/>\nEdi\u00e7\u00e3o: Marcos Chagas<\/p>\n","protected":false},"excerpt":{"rendered":"<p>Ambientalistas promoveram um ato para conscientizar motoristas do Rio de Janeiro sobre os riscos de encher o tanque de gasolina &#8220;at\u00e9 a boca&#8221;. Ao pedir para que os frentistas abaste\u00e7am o tanque al\u00e9m da programa\u00e7\u00e3o autom\u00e1tica das bombas, eles exp\u00f5em os profissionais a n\u00edveis at\u00e9 tr\u00eas vezes maiores de benzeno, subst\u00e2ncia considerada cancer\u00edgena. O m\u00e9dico [&hellip;]<\/p>\n","protected":false},"author":2,"featured_media":34985,"comment_status":"open","ping_status":"closed","sticky":false,"template":"","format":"standard","meta":{"_genesis_hide_title":false,"_genesis_hide_breadcrumbs":false,"_genesis_hide_singular_image":false,"_genesis_hide_footer_widgets":false,"_genesis_custom_body_class":"","_genesis_custom_post_class":"","_genesis_layout":"","_jetpack_memberships_contains_paid_content":false,"footnotes":""},"categories":[22],"tags":[],"class_list":{"0":"post-69017","1":"post","2":"type-post","3":"status-publish","4":"format-standard","5":"has-post-thumbnail","7":"category-brasil","8":"entry","9":"gs-1","10":"gs-odd","11":"gs-even","12":"gs-featured-content-entry"},"jetpack_featured_media_url":"https:\/\/www.redenoticia.com.br\/noticia\/imagens\/combustivel.jpg","jetpack_sharing_enabled":true,"jetpack_likes_enabled":true,"_links":{"self":[{"href":"https:\/\/www.redenoticia.com.br\/noticia\/wp-json\/wp\/v2\/posts\/69017","targetHints":{"allow":["GET"]}}],"collection":[{"href":"https:\/\/www.redenoticia.com.br\/noticia\/wp-json\/wp\/v2\/posts"}],"about":[{"href":"https:\/\/www.redenoticia.com.br\/noticia\/wp-json\/wp\/v2\/types\/post"}],"author":[{"embeddable":true,"href":"https:\/\/www.redenoticia.com.br\/noticia\/wp-json\/wp\/v2\/users\/2"}],"replies":[{"embeddable":true,"href":"https:\/\/www.redenoticia.com.br\/noticia\/wp-json\/wp\/v2\/comments?post=69017"}],"version-history":[{"count":0,"href":"https:\/\/www.redenoticia.com.br\/noticia\/wp-json\/wp\/v2\/posts\/69017\/revisions"}],"wp:featuredmedia":[{"embeddable":true,"href":"https:\/\/www.redenoticia.com.br\/noticia\/wp-json\/wp\/v2\/media\/34985"}],"wp:attachment":[{"href":"https:\/\/www.redenoticia.com.br\/noticia\/wp-json\/wp\/v2\/media?parent=69017"}],"wp:term":[{"taxonomy":"category","embeddable":true,"href":"https:\/\/www.redenoticia.com.br\/noticia\/wp-json\/wp\/v2\/categories?post=69017"},{"taxonomy":"post_tag","embeddable":true,"href":"https:\/\/www.redenoticia.com.br\/noticia\/wp-json\/wp\/v2\/tags?post=69017"}],"curies":[{"name":"wp","href":"https:\/\/api.w.org\/{rel}","templated":true}]}}