{"id":69013,"date":"2015-04-10T14:09:37","date_gmt":"2015-04-10T17:09:37","guid":{"rendered":"http:\/\/www.redenoticia.com.br\/noticia\/?p=69013"},"modified":"2015-04-10T14:09:37","modified_gmt":"2015-04-10T17:09:37","slug":"bilhete-gratuito-do-metro-sp-e-cptm-para-desempregados","status":"publish","type":"post","link":"https:\/\/www.redenoticia.com.br\/noticia\/2015\/bilhete-gratuito-do-metro-sp-e-cptm-para-desempregados\/69013","title":{"rendered":"Bilhete gratuito do Metr\u00f4 SP e CPTM para desempregados"},"content":{"rendered":"<p>Trabalhadores demitidos sem justa causa h\u00e1 no m\u00ednimo um m\u00eas e no m\u00e1ximo seis meses, que tenham trabalhado pelo menos seis meses cont\u00ednuos no \u00faltimo <strong><em>emprego<\/em><\/strong>, podem solicitar bilhetes especiais para utilizar os servi\u00e7os do Metr\u00f4 SP e da CPTM. O bilhete, isento de tarifas, \u00e9 v\u00e1lido por 90 dias e n\u00e3o \u00e9 renov\u00e1vel.<\/p>\n<p>No caso do Metr\u00f4, o desempregado deve se cadastrar na Esta\u00e7\u00e3o Marechal Deodoro, na Linha 3-Vermelha, de 2\u00aa a 6\u00aa feira, das 8h30 \u00e0s 16h, apresentando RG, Carteira Profissional e Termo de Rescis\u00e3o Contratual original. Ao utilizar o Metr\u00f4, o cidad\u00e3o deve estar sempre portando sua carteira profissional.<\/p>\n<p>O cidad\u00e3o que for utilizar a CPTM deve solicitar a Credencial para o Trabalhador Desempregado. O credenciamento \u00e9 feito na Esta\u00e7\u00e3o Barra Funda de segunda a sexta-feira (exceto feriados) das 8h \u00e0s 16h, mediante apresenta\u00e7\u00e3o de RG, CPF, Carteira de Trabalho com a baixa do \u00faltimo emprego e Termo de Rescis\u00e3o de Contrato de Trabalho.<\/p>\n<p>Os usu\u00e1rios podem buscar mais informa\u00e7\u00f5es nos telefones: 3291-3934 ou 3291-3935 (Metr\u00f4) e 0800-0550121 (CPTM).<\/p>\n<p>Do Portal do Governo do Estado<\/p>\n","protected":false},"excerpt":{"rendered":"<p>Trabalhadores demitidos sem justa causa h\u00e1 no m\u00ednimo um m\u00eas e no m\u00e1ximo seis meses, que tenham trabalhado pelo menos seis meses cont\u00ednuos no \u00faltimo emprego, podem solicitar bilhetes especiais para utilizar os servi\u00e7os do Metr\u00f4 SP e da CPTM. O bilhete, isento de tarifas, \u00e9 v\u00e1lido por 90 dias e n\u00e3o \u00e9 renov\u00e1vel. No [&hellip;]<\/p>\n","protected":false},"author":2,"featured_media":28951,"comment_status":"open","ping_status":"closed","sticky":false,"template":"","format":"standard","meta":{"_genesis_hide_title":false,"_genesis_hide_breadcrumbs":false,"_genesis_hide_singular_image":false,"_genesis_hide_footer_widgets":false,"_genesis_custom_body_class":"","_genesis_custom_post_class":"","_genesis_layout":"","_jetpack_memberships_contains_paid_content":false,"footnotes":""},"categories":[22],"tags":[],"class_list":{"0":"post-69013","1":"post","2":"type-post","3":"status-publish","4":"format-standard","5":"has-post-thumbnail","7":"category-brasil","8":"entry","9":"gs-1","10":"gs-odd","11":"gs-even","12":"gs-featured-content-entry"},"jetpack_featured_media_url":"https:\/\/www.redenoticia.com.br\/noticia\/imagens\/concurso-inscricao-vagas-ate.jpg","jetpack_sharing_enabled":true,"jetpack_likes_enabled":true,"_links":{"self":[{"href":"https:\/\/www.redenoticia.com.br\/noticia\/wp-json\/wp\/v2\/posts\/69013","targetHints":{"allow":["GET"]}}],"collection":[{"href":"https:\/\/www.redenoticia.com.br\/noticia\/wp-json\/wp\/v2\/posts"}],"about":[{"href":"https:\/\/www.redenoticia.com.br\/noticia\/wp-json\/wp\/v2\/types\/post"}],"author":[{"embeddable":true,"href":"https:\/\/www.redenoticia.com.br\/noticia\/wp-json\/wp\/v2\/users\/2"}],"replies":[{"embeddable":true,"href":"https:\/\/www.redenoticia.com.br\/noticia\/wp-json\/wp\/v2\/comments?post=69013"}],"version-history":[{"count":0,"href":"https:\/\/www.redenoticia.com.br\/noticia\/wp-json\/wp\/v2\/posts\/69013\/revisions"}],"wp:featuredmedia":[{"embeddable":true,"href":"https:\/\/www.redenoticia.com.br\/noticia\/wp-json\/wp\/v2\/media\/28951"}],"wp:attachment":[{"href":"https:\/\/www.redenoticia.com.br\/noticia\/wp-json\/wp\/v2\/media?parent=69013"}],"wp:term":[{"taxonomy":"category","embeddable":true,"href":"https:\/\/www.redenoticia.com.br\/noticia\/wp-json\/wp\/v2\/categories?post=69013"},{"taxonomy":"post_tag","embeddable":true,"href":"https:\/\/www.redenoticia.com.br\/noticia\/wp-json\/wp\/v2\/tags?post=69013"}],"curies":[{"name":"wp","href":"https:\/\/api.w.org\/{rel}","templated":true}]}}