{"id":68990,"date":"2015-04-09T15:01:18","date_gmt":"2015-04-09T18:01:18","guid":{"rendered":"http:\/\/www.redenoticia.com.br\/noticia\/?p=68990"},"modified":"2015-04-09T15:01:18","modified_gmt":"2015-04-09T18:01:18","slug":"agencia-de-classificacao-mantem-nota-do-brasil-com-perspectiva-negativa","status":"publish","type":"post","link":"https:\/\/www.redenoticia.com.br\/noticia\/2015\/agencia-de-classificacao-mantem-nota-do-brasil-com-perspectiva-negativa\/68990","title":{"rendered":"Ag\u00eancia de classifica\u00e7\u00e3o mant\u00e9m nota do Brasil, com perspectiva negativa"},"content":{"rendered":"<p> A ag\u00eancia de <strong><em>classifica\u00e7\u00e3o de risco<\/em><\/strong> Fitch manteve a nota de cr\u00e9dito do Brasil em BBB, mas revisou a perspectiva do pa\u00eds de est\u00e1vel para negativa.<\/p>\n<p>A mudan\u00e7a, segundo comunicado da Fitch, ocorreu em raz\u00e3o do &#8220;cont\u00ednuo fraco desempenho da economia brasileira, o aumento dos desequil\u00edbrios macroecon\u00f3micos, a deteriora\u00e7\u00e3o fiscal e um aumento da d\u00edvida p\u00fablica com press\u00e3o sobre o perfil de cr\u00e9dito soberano do pa\u00eds&#8221;.<\/p>\n<p>A nota (rating) \u00e9 a classifica\u00e7\u00e3o dada a empresas p\u00fablicas ou privadas por essas institui\u00e7\u00f5es especializadas em an\u00e1lise de cr\u00e9dito. Essas ag\u00eancias avaliam a capacidade e a disposi\u00e7\u00e3o do emissor de um t\u00edtulo em honrar, pontual e integralmente, os pagamentos de sua d\u00edvida. O rating \u00e9 um indicador relevante para os investidores, uma vez que fornece sinaliza\u00e7\u00e3o a respeito do risco de cr\u00e9dito da d\u00edvida de uma empresa ou pa\u00eds analisado.<\/p>\n<p>Para a Fitch, enquanto o governo iniciou um processo de ajustes para aumentar a credibilidade e a confian\u00e7a, riscos negativos relacionados com a aplica\u00e7\u00e3o e durabilidade  persistem, \u201cespecialmente no contexto de um ambiente pol\u00edtico e econ\u00f3mico desafiador\u201d. E acrescenta: \u201cChoques internos e externos adicionais poderiam minar o ritmo e o alcance do processo de ajuste\u201d.<\/p>\n<p>Na avalia\u00e7\u00e3o da Fitch, entre outras motivos, as contas fiscais do Brasil se deterioraram acentuadamente em rela\u00e7\u00e3o ao ano passado, com o d\u00e9ficit atingindo 6,5% do PIB, sendo este \u201co  primeiro d\u00e9ficit prim\u00e1rio em v\u00e1rios anos.\u201d E observa: \u201cA rela\u00e7\u00e3o da d\u00edvida com o Produto Interno Bruto (PIB) aumentou para 58,9% em 2014, em compara\u00e7\u00e3o com a m\u00e9dia de 52,8% durante o per\u00edodo 2010-2013\u201d.<\/p>\n<p>Os t\u00e9cnicos, entre outras avalia\u00e7\u00f5es, levaram em conta o crescimento da economia brasileira de apenas 0,1% em 2014. Segundo a Fitch, o processo de ajuste em curso, se efetivamente implementado, poderia levar a uma retomada da confian\u00e7a e do crescimento em 2016, mas o crescimento provavelmente permanecer\u00e1 baixo. <\/p>\n<p>Ag\u00eancia Brasil<br \/>\nEdi\u00e7\u00e3o: Jos\u00e9 Romildo<\/p>\n","protected":false},"excerpt":{"rendered":"<p>A ag\u00eancia de classifica\u00e7\u00e3o de risco Fitch manteve a nota de cr\u00e9dito do Brasil em BBB, mas revisou a perspectiva do pa\u00eds de est\u00e1vel para negativa. A mudan\u00e7a, segundo comunicado da Fitch, ocorreu em raz\u00e3o do &#8220;cont\u00ednuo fraco desempenho da economia brasileira, o aumento dos desequil\u00edbrios macroecon\u00f3micos, a deteriora\u00e7\u00e3o fiscal e um aumento da d\u00edvida [&hellip;]<\/p>\n","protected":false},"author":2,"featured_media":57583,"comment_status":"open","ping_status":"closed","sticky":false,"template":"","format":"standard","meta":{"_genesis_hide_title":false,"_genesis_hide_breadcrumbs":false,"_genesis_hide_singular_image":false,"_genesis_hide_footer_widgets":false,"_genesis_custom_body_class":"","_genesis_custom_post_class":"","_genesis_layout":"","_jetpack_memberships_contains_paid_content":false,"footnotes":""},"categories":[22,7],"tags":[],"class_list":{"0":"post-68990","1":"post","2":"type-post","3":"status-publish","4":"format-standard","5":"has-post-thumbnail","7":"category-brasil","8":"category-economia","9":"entry","10":"gs-1","11":"gs-odd","12":"gs-even","13":"gs-featured-content-entry"},"jetpack_featured_media_url":"https:\/\/www.redenoticia.com.br\/noticia\/imagens\/economia-grafico.jpg","jetpack_sharing_enabled":true,"jetpack_likes_enabled":true,"_links":{"self":[{"href":"https:\/\/www.redenoticia.com.br\/noticia\/wp-json\/wp\/v2\/posts\/68990","targetHints":{"allow":["GET"]}}],"collection":[{"href":"https:\/\/www.redenoticia.com.br\/noticia\/wp-json\/wp\/v2\/posts"}],"about":[{"href":"https:\/\/www.redenoticia.com.br\/noticia\/wp-json\/wp\/v2\/types\/post"}],"author":[{"embeddable":true,"href":"https:\/\/www.redenoticia.com.br\/noticia\/wp-json\/wp\/v2\/users\/2"}],"replies":[{"embeddable":true,"href":"https:\/\/www.redenoticia.com.br\/noticia\/wp-json\/wp\/v2\/comments?post=68990"}],"version-history":[{"count":0,"href":"https:\/\/www.redenoticia.com.br\/noticia\/wp-json\/wp\/v2\/posts\/68990\/revisions"}],"wp:featuredmedia":[{"embeddable":true,"href":"https:\/\/www.redenoticia.com.br\/noticia\/wp-json\/wp\/v2\/media\/57583"}],"wp:attachment":[{"href":"https:\/\/www.redenoticia.com.br\/noticia\/wp-json\/wp\/v2\/media?parent=68990"}],"wp:term":[{"taxonomy":"category","embeddable":true,"href":"https:\/\/www.redenoticia.com.br\/noticia\/wp-json\/wp\/v2\/categories?post=68990"},{"taxonomy":"post_tag","embeddable":true,"href":"https:\/\/www.redenoticia.com.br\/noticia\/wp-json\/wp\/v2\/tags?post=68990"}],"curies":[{"name":"wp","href":"https:\/\/api.w.org\/{rel}","templated":true}]}}