{"id":68988,"date":"2015-04-09T14:59:19","date_gmt":"2015-04-09T17:59:19","guid":{"rendered":"http:\/\/www.redenoticia.com.br\/noticia\/?p=68988"},"modified":"2015-04-09T14:59:19","modified_gmt":"2015-04-09T17:59:19","slug":"ibge-registra-alta-de-74-no-desemprego-no-trimestre-encerrado-em-fevereiro","status":"publish","type":"post","link":"https:\/\/www.redenoticia.com.br\/noticia\/2015\/ibge-registra-alta-de-74-no-desemprego-no-trimestre-encerrado-em-fevereiro\/68988","title":{"rendered":"IBGE registra alta de 7,4% no desemprego no trimestre encerrado em fevereiro"},"content":{"rendered":"<p> A <strong><em>taxa de desemprego<\/em><\/strong> no pa\u00eds subiu para 7,4% nos meses de dezembro, janeiro e fevereiro, informou o Instituto Brasileiro de Geografia e Estat\u00edstica (IBGE). A taxa revela aumento da desocupa\u00e7\u00e3o na compara\u00e7\u00e3o com o trimestre anterior (setembro, outubro, novembro), quando era 6,5%. De acordo com a Pesquisa Nacional por Amostras de Domic\u00edlios Cont\u00ednua (Pnad Cont\u00ednua), o desemprego no trimestre encerrado em fevereiro tamb\u00e9m est\u00e1 acima do \u00edndice do mesmo trimestre do ano anterior (6,8%) e \u00e9 o maior indicador desde o per\u00edodo de mar\u00e7o, abril e maio de 2013 (7,6%).<\/p>\n<p>A Pnad Cont\u00ednua se destina a produzir informa\u00e7\u00f5es sobre a inser\u00e7\u00e3o da popula\u00e7\u00e3o no mercado de trabalho. Leva em conta as caracter\u00edsticas demogr\u00e1ficas e de educa\u00e7\u00e3o, e tamb\u00e9m o desenvolvimento socioecon\u00f4mico do pa\u00eds. A pesquisa \u00e9 feita por meio de uma amostra de domic\u00edlios, de forma a garantir a representatividade dos resultados para os diversos n\u00edveis geogr\u00e1ficos definidos para sua divulga\u00e7\u00e3o. A cada trimestre, s\u00e3o investigados 211.344 domic\u00edlios particulares permanentes, em aproximadamente 16 mil setores existentes no censo, distribu\u00eddos em cerca de 3,5 mil munic\u00edpios.<\/p>\n<p>No per\u00edodo, o IBGE contabilizou 7,4 milh\u00f5es de pessoas desocupadas, alta de quase 1 milh\u00e3o de pessoas (14,7%) na compara\u00e7\u00e3o com o quantitativo de desempregados entre setembro e novembro de 2014, que era 6,5 milh\u00f5es de trabalhadores.<\/p>\n<p>Por outro lado, a pesquisa verificou que o rendimento m\u00e9dio do brasileiro cresceu 1,1%, subindo de R$ 1.793 no trimestre fechado em novembro para R$ 1.817 nos tr\u00eas meses seguintes. O montante subiu ainda 0,7% na compara\u00e7\u00e3o com o mesmo per\u00edodo do ano anterior, descontada a infla\u00e7\u00e3o.<\/p>\n<p>A massa de rendimento real habitualmente recebida para todos os trabalhadores cresceu para R$ 162 bilh\u00f5es, o que revela aumento de 2,2% na compara\u00e7\u00e3o com o mesmo trimestre do ano anterior. Na compara\u00e7\u00e3o com trimestre encerrado em novembro, o aumento foi 0,7%.<\/p>\n<p>Para analisar o desemprego no pa\u00eds, o IBGE tamb\u00e9m elabora a Pesquisa Mensal do Emprego (PME). Na \u00faltima divulga\u00e7\u00e3o, o dado registrou alta de 5,9% do desemprego no m\u00eas de fevereiro deste ano \u2013 a maior taxa desde junho de 2013. Por abranger menos regi\u00f5es, a PME est\u00e1 sendo substitu\u00edda pela Pnad Cont\u00ednua, que coleta dados em 3.464 munic\u00edpios.<\/p>\n<p>Isabela Vieira &#8211; Rep\u00f3rter da Ag\u00eancia Brasil<br \/>\nEdi\u00e7\u00e3o: Jos\u00e9 Romildo<\/p>\n","protected":false},"excerpt":{"rendered":"<p>A taxa de desemprego no pa\u00eds subiu para 7,4% nos meses de dezembro, janeiro e fevereiro, informou o Instituto Brasileiro de Geografia e Estat\u00edstica (IBGE). A taxa revela aumento da desocupa\u00e7\u00e3o na compara\u00e7\u00e3o com o trimestre anterior (setembro, outubro, novembro), quando era 6,5%. De acordo com a Pesquisa Nacional por Amostras de Domic\u00edlios Cont\u00ednua (Pnad [&hellip;]<\/p>\n","protected":false},"author":2,"featured_media":38940,"comment_status":"open","ping_status":"closed","sticky":false,"template":"","format":"standard","meta":{"_genesis_hide_title":false,"_genesis_hide_breadcrumbs":false,"_genesis_hide_singular_image":false,"_genesis_hide_footer_widgets":false,"_genesis_custom_body_class":"","_genesis_custom_post_class":"","_genesis_layout":"","_jetpack_memberships_contains_paid_content":false,"footnotes":""},"categories":[22,7],"tags":[],"class_list":{"0":"post-68988","1":"post","2":"type-post","3":"status-publish","4":"format-standard","5":"has-post-thumbnail","7":"category-brasil","8":"category-economia","9":"entry","10":"gs-1","11":"gs-odd","12":"gs-even","13":"gs-featured-content-entry"},"jetpack_featured_media_url":"https:\/\/www.redenoticia.com.br\/noticia\/imagens\/grafico.jpg","jetpack_sharing_enabled":true,"jetpack_likes_enabled":true,"_links":{"self":[{"href":"https:\/\/www.redenoticia.com.br\/noticia\/wp-json\/wp\/v2\/posts\/68988","targetHints":{"allow":["GET"]}}],"collection":[{"href":"https:\/\/www.redenoticia.com.br\/noticia\/wp-json\/wp\/v2\/posts"}],"about":[{"href":"https:\/\/www.redenoticia.com.br\/noticia\/wp-json\/wp\/v2\/types\/post"}],"author":[{"embeddable":true,"href":"https:\/\/www.redenoticia.com.br\/noticia\/wp-json\/wp\/v2\/users\/2"}],"replies":[{"embeddable":true,"href":"https:\/\/www.redenoticia.com.br\/noticia\/wp-json\/wp\/v2\/comments?post=68988"}],"version-history":[{"count":0,"href":"https:\/\/www.redenoticia.com.br\/noticia\/wp-json\/wp\/v2\/posts\/68988\/revisions"}],"wp:featuredmedia":[{"embeddable":true,"href":"https:\/\/www.redenoticia.com.br\/noticia\/wp-json\/wp\/v2\/media\/38940"}],"wp:attachment":[{"href":"https:\/\/www.redenoticia.com.br\/noticia\/wp-json\/wp\/v2\/media?parent=68988"}],"wp:term":[{"taxonomy":"category","embeddable":true,"href":"https:\/\/www.redenoticia.com.br\/noticia\/wp-json\/wp\/v2\/categories?post=68988"},{"taxonomy":"post_tag","embeddable":true,"href":"https:\/\/www.redenoticia.com.br\/noticia\/wp-json\/wp\/v2\/tags?post=68988"}],"curies":[{"name":"wp","href":"https:\/\/api.w.org\/{rel}","templated":true}]}}