{"id":68986,"date":"2015-04-09T14:57:14","date_gmt":"2015-04-09T17:57:14","guid":{"rendered":"http:\/\/www.redenoticia.com.br\/noticia\/?p=68986"},"modified":"2015-04-09T14:57:14","modified_gmt":"2015-04-09T17:57:14","slug":"vendas-de-materiais-de-construcao-caem-54-em-marco","status":"publish","type":"post","link":"https:\/\/www.redenoticia.com.br\/noticia\/2015\/vendas-de-materiais-de-construcao-caem-54-em-marco\/68986","title":{"rendered":"Vendas de materiais de constru\u00e7\u00e3o caem 5,4% em mar\u00e7o"},"content":{"rendered":"<p> As <strong><em>vendas de materiais de constru\u00e7\u00e3o<\/em><\/strong> sofreram queda de 5,4% em mar\u00e7o, na compara\u00e7\u00e3o com o mesmo m\u00eas em 2014, de acordo com a Associa\u00e7\u00e3o Brasileira da Ind\u00fastria de Materiais de Constru\u00e7\u00e3o (Abramat). Em rela\u00e7\u00e3o a fevereiro deste ano, houve alta de 3,2%.<\/p>\n<p>No acumulado no primeiro trimestre deste ano, o setor apresentou queda de 8,8% em rela\u00e7\u00e3o ao mesmo per\u00edodo do ano passado. O acumulado dos \u00faltimos 12 meses registra queda de 7,7%.<\/p>\n<p>\u201cAs vendas neste primeiro trimestre continuam baixas refletindo, principalmente, a forte queda na atividade das construtoras, tanto no segmento imobili\u00e1rio quanto nas obras de infraestrutura. O segmento do varejo continua positivo, mas n\u00e3o o suficiente para neutralizar a perda de vendas em outros segmentos\u201d, avalia o presidente da Abramat, Walter Cover.<\/p>\n<p>A expectativa de crescimento do setor para 2015 \u00e9 1%, apoiada na manuten\u00e7\u00e3o dos atuais incentivos do governo, como a desonera\u00e7\u00e3o da folha de pagamentos, a expans\u00e3o dos investimentos em concess\u00f5es e a terceira fase do Programa Minha Casa, Minha Vida.<\/p>\n<p>Fernanda Cruz &#8211; Rep\u00f3rter da Ag\u00eancia Brasil<br \/>\nEdi\u00e7\u00e3o: Val\u00e9ria Aguiar<\/p>\n","protected":false},"excerpt":{"rendered":"<p>As vendas de materiais de constru\u00e7\u00e3o sofreram queda de 5,4% em mar\u00e7o, na compara\u00e7\u00e3o com o mesmo m\u00eas em 2014, de acordo com a Associa\u00e7\u00e3o Brasileira da Ind\u00fastria de Materiais de Constru\u00e7\u00e3o (Abramat). Em rela\u00e7\u00e3o a fevereiro deste ano, houve alta de 3,2%. No acumulado no primeiro trimestre deste ano, o setor apresentou queda de [&hellip;]<\/p>\n","protected":false},"author":2,"featured_media":57585,"comment_status":"open","ping_status":"closed","sticky":false,"template":"","format":"standard","meta":{"_genesis_hide_title":false,"_genesis_hide_breadcrumbs":false,"_genesis_hide_singular_image":false,"_genesis_hide_footer_widgets":false,"_genesis_custom_body_class":"","_genesis_custom_post_class":"","_genesis_layout":"","_jetpack_memberships_contains_paid_content":false,"footnotes":""},"categories":[22,7],"tags":[],"class_list":{"0":"post-68986","1":"post","2":"type-post","3":"status-publish","4":"format-standard","5":"has-post-thumbnail","7":"category-brasil","8":"category-economia","9":"entry","10":"gs-1","11":"gs-odd","12":"gs-even","13":"gs-featured-content-entry"},"jetpack_featured_media_url":"https:\/\/www.redenoticia.com.br\/noticia\/imagens\/analise-economia.jpg","jetpack_sharing_enabled":true,"jetpack_likes_enabled":true,"_links":{"self":[{"href":"https:\/\/www.redenoticia.com.br\/noticia\/wp-json\/wp\/v2\/posts\/68986","targetHints":{"allow":["GET"]}}],"collection":[{"href":"https:\/\/www.redenoticia.com.br\/noticia\/wp-json\/wp\/v2\/posts"}],"about":[{"href":"https:\/\/www.redenoticia.com.br\/noticia\/wp-json\/wp\/v2\/types\/post"}],"author":[{"embeddable":true,"href":"https:\/\/www.redenoticia.com.br\/noticia\/wp-json\/wp\/v2\/users\/2"}],"replies":[{"embeddable":true,"href":"https:\/\/www.redenoticia.com.br\/noticia\/wp-json\/wp\/v2\/comments?post=68986"}],"version-history":[{"count":0,"href":"https:\/\/www.redenoticia.com.br\/noticia\/wp-json\/wp\/v2\/posts\/68986\/revisions"}],"wp:featuredmedia":[{"embeddable":true,"href":"https:\/\/www.redenoticia.com.br\/noticia\/wp-json\/wp\/v2\/media\/57585"}],"wp:attachment":[{"href":"https:\/\/www.redenoticia.com.br\/noticia\/wp-json\/wp\/v2\/media?parent=68986"}],"wp:term":[{"taxonomy":"category","embeddable":true,"href":"https:\/\/www.redenoticia.com.br\/noticia\/wp-json\/wp\/v2\/categories?post=68986"},{"taxonomy":"post_tag","embeddable":true,"href":"https:\/\/www.redenoticia.com.br\/noticia\/wp-json\/wp\/v2\/tags?post=68986"}],"curies":[{"name":"wp","href":"https:\/\/api.w.org\/{rel}","templated":true}]}}