{"id":68984,"date":"2015-04-09T14:55:14","date_gmt":"2015-04-09T17:55:14","guid":{"rendered":"http:\/\/www.redenoticia.com.br\/noticia\/?p=68984"},"modified":"2015-04-09T14:55:14","modified_gmt":"2015-04-09T17:55:14","slug":"habitacao-volta-a-pressionar-a-inflacao-em-sao-paulo","status":"publish","type":"post","link":"https:\/\/www.redenoticia.com.br\/noticia\/2015\/habitacao-volta-a-pressionar-a-inflacao-em-sao-paulo\/68984","title":{"rendered":"Habita\u00e7\u00e3o volta a pressionar a infla\u00e7\u00e3o em S\u00e3o Paulo"},"content":{"rendered":"<p> O <strong><em>\u00cdndice de Pre\u00e7os ao Consumidor<\/em><\/strong> (IPC), medido pela Funda\u00e7\u00e3o Instituto de Pesquisas Econ\u00f4micas (Fipe), na cidade de S\u00e3o Paulo, iniciou abril em alta de 0,68%, 0,02 ponto percentual abaixo do registrado no fechamento de mar\u00e7o (0,7%). Apesar desse decr\u00e9scimo, o grupo habita\u00e7\u00e3o aumentou a press\u00e3o sobre o or\u00e7amento dom\u00e9stico ao subir de 1,21% para 1,57%.<\/p>\n<p>O resultado refere-se \u00e0 coleta de pre\u00e7os feita de 8 de mar\u00e7o a 7 de abril, comparados ao observado no per\u00edodo de 8 de fevereiro a 7 de mar\u00e7o, incluindo produtos consumidos pelas fam\u00edlias com renda entre um e dez sal\u00e1rios m\u00ednimos.<\/p>\n<p>O grupo alimenta\u00e7\u00e3o voltou a apresentar decr\u00e9scimo, com os pre\u00e7os corrigidos na m\u00e9dia em 0,42% \u2013 abaixo do aumento registrado no encerramento de mar\u00e7o (0,72%). Em transportes, o \u00edndice ficou inferior ao da \u00faltima apura\u00e7\u00e3o, passando de 0,22% para 0,06%.<\/p>\n<p>No grupo despesas pessoais, os pre\u00e7os tamb\u00e9m subiram com menos intensidade (de 0,35% para para 0,15%). Em sa\u00fade, igualmente, a alta foi inferior ao \u00edndice da \u00faltima pesquisa (de 0,52% para 0,44%). O mesmo ocorreu em rela\u00e7\u00e3o ao grupo educa\u00e7\u00e3o com varia\u00e7\u00e3o de 0,07%, abaixo da taxa encontrada no fechamento de mar\u00e7o (0,12%).<\/p>\n<p>Ao contr\u00e1rio, houve um avan\u00e7o no grupo vestu\u00e1rio com os pre\u00e7os dos artigos 0,77% mais caros sobre um aumento anterior de 0,59%.<\/p>\n<p>Marli Moreira &#8211; Rep\u00f3rter da Ag\u00eancia Brasil<br \/>\nEdi\u00e7\u00e3o: Jos\u00e9 Romildo<\/p>\n","protected":false},"excerpt":{"rendered":"<p>O \u00cdndice de Pre\u00e7os ao Consumidor (IPC), medido pela Funda\u00e7\u00e3o Instituto de Pesquisas Econ\u00f4micas (Fipe), na cidade de S\u00e3o Paulo, iniciou abril em alta de 0,68%, 0,02 ponto percentual abaixo do registrado no fechamento de mar\u00e7o (0,7%). Apesar desse decr\u00e9scimo, o grupo habita\u00e7\u00e3o aumentou a press\u00e3o sobre o or\u00e7amento dom\u00e9stico ao subir de 1,21% para [&hellip;]<\/p>\n","protected":false},"author":2,"featured_media":34916,"comment_status":"open","ping_status":"closed","sticky":false,"template":"","format":"standard","meta":{"_genesis_hide_title":false,"_genesis_hide_breadcrumbs":false,"_genesis_hide_singular_image":false,"_genesis_hide_footer_widgets":false,"_genesis_custom_body_class":"","_genesis_custom_post_class":"","_genesis_layout":"","_jetpack_memberships_contains_paid_content":false,"footnotes":""},"categories":[22,7],"tags":[],"class_list":{"0":"post-68984","1":"post","2":"type-post","3":"status-publish","4":"format-standard","5":"has-post-thumbnail","7":"category-brasil","8":"category-economia","9":"entry","10":"gs-1","11":"gs-odd","12":"gs-even","13":"gs-featured-content-entry"},"jetpack_featured_media_url":"https:\/\/www.redenoticia.com.br\/noticia\/imagens\/inflacao.jpg","jetpack_sharing_enabled":true,"jetpack_likes_enabled":true,"_links":{"self":[{"href":"https:\/\/www.redenoticia.com.br\/noticia\/wp-json\/wp\/v2\/posts\/68984","targetHints":{"allow":["GET"]}}],"collection":[{"href":"https:\/\/www.redenoticia.com.br\/noticia\/wp-json\/wp\/v2\/posts"}],"about":[{"href":"https:\/\/www.redenoticia.com.br\/noticia\/wp-json\/wp\/v2\/types\/post"}],"author":[{"embeddable":true,"href":"https:\/\/www.redenoticia.com.br\/noticia\/wp-json\/wp\/v2\/users\/2"}],"replies":[{"embeddable":true,"href":"https:\/\/www.redenoticia.com.br\/noticia\/wp-json\/wp\/v2\/comments?post=68984"}],"version-history":[{"count":0,"href":"https:\/\/www.redenoticia.com.br\/noticia\/wp-json\/wp\/v2\/posts\/68984\/revisions"}],"wp:featuredmedia":[{"embeddable":true,"href":"https:\/\/www.redenoticia.com.br\/noticia\/wp-json\/wp\/v2\/media\/34916"}],"wp:attachment":[{"href":"https:\/\/www.redenoticia.com.br\/noticia\/wp-json\/wp\/v2\/media?parent=68984"}],"wp:term":[{"taxonomy":"category","embeddable":true,"href":"https:\/\/www.redenoticia.com.br\/noticia\/wp-json\/wp\/v2\/categories?post=68984"},{"taxonomy":"post_tag","embeddable":true,"href":"https:\/\/www.redenoticia.com.br\/noticia\/wp-json\/wp\/v2\/tags?post=68984"}],"curies":[{"name":"wp","href":"https:\/\/api.w.org\/{rel}","templated":true}]}}