{"id":68953,"date":"2015-04-08T17:26:50","date_gmt":"2015-04-08T20:26:50","guid":{"rendered":"http:\/\/www.redenoticia.com.br\/noticia\/?p=68953"},"modified":"2015-04-08T17:26:50","modified_gmt":"2015-04-08T20:26:50","slug":"indice-de-medo-do-desemprego-cresce-em-marco","status":"publish","type":"post","link":"https:\/\/www.redenoticia.com.br\/noticia\/2015\/indice-de-medo-do-desemprego-cresce-em-marco\/68953","title":{"rendered":"\u00cdndice de Medo do Desemprego cresce em mar\u00e7o"},"content":{"rendered":"<p> O \u00cdndice de <strong><em>Medo do Desemprego<\/em><\/strong> cresceu 32,1% em mar\u00e7o em rela\u00e7\u00e3o a dezembro de 2014, informou a Confedera\u00e7\u00e3o Nacional da Ind\u00fastria (CNI). De acordo com a pesquisa, foi o maior crescimento do indicador desde o in\u00edcio da s\u00e9rie hist\u00f3ria, em 1999. Na compara\u00e7\u00e3o com mar\u00e7o de 2013, o \u00edndice est\u00e1 34,2% mais elevado.<\/p>\n<p>\u201cO que se espera \u00e9 um consumidor cada vez mais cauteloso\u201d, disse o gerente executivo de Pesquisa e Competitividade da CNI, Renato da Fonseca. Segundo ele, se antes havia expectativa e confian\u00e7a baixas por parte da popula\u00e7\u00e3o, agora existe o medo de ficar desempregado, e as pessoas passam a evitar o endividamento com bens de valor elevado, por exemplo. \u201cPara a economia, a expectativa \u00e9 a intensifica\u00e7\u00e3o do processo de redu\u00e7\u00e3o do consumo e obviamente [isso] acaba afetando o crescimento. Ou seja, intensifica-se o processo de desacelera\u00e7\u00e3o, de recess\u00e3o da ind\u00fastria neste ano\u201d, avaliou.<\/p>\n<p>O \u00cdndice de Satisfa\u00e7\u00e3o com a Vida, que chegou a 94,7 pontos, foi o menor da s\u00e9rie hist\u00f3rica. Em mar\u00e7o, o indicador ficou 8,5% menor do que o de dezembro e 7,3% abaixo do de mar\u00e7o do ano passado.<\/p>\n<p>A pesquisa da CNI ouviu 2.002 pessoas em 142 munic\u00edpios entre 21 e25 de mar\u00e7o de 2015.<\/p>\n<p>Da Ag\u00eancia Brasil<br \/>\nEdi\u00e7\u00e3o: Maria Claudia<\/p>\n","protected":false},"excerpt":{"rendered":"<p>O \u00cdndice de Medo do Desemprego cresceu 32,1% em mar\u00e7o em rela\u00e7\u00e3o a dezembro de 2014, informou a Confedera\u00e7\u00e3o Nacional da Ind\u00fastria (CNI). De acordo com a pesquisa, foi o maior crescimento do indicador desde o in\u00edcio da s\u00e9rie hist\u00f3ria, em 1999. Na compara\u00e7\u00e3o com mar\u00e7o de 2013, o \u00edndice est\u00e1 34,2% mais elevado. \u201cO [&hellip;]<\/p>\n","protected":false},"author":2,"featured_media":57585,"comment_status":"open","ping_status":"closed","sticky":false,"template":"","format":"standard","meta":{"_genesis_hide_title":false,"_genesis_hide_breadcrumbs":false,"_genesis_hide_singular_image":false,"_genesis_hide_footer_widgets":false,"_genesis_custom_body_class":"","_genesis_custom_post_class":"","_genesis_layout":"","_jetpack_memberships_contains_paid_content":false,"footnotes":""},"categories":[22,7],"tags":[],"class_list":{"0":"post-68953","1":"post","2":"type-post","3":"status-publish","4":"format-standard","5":"has-post-thumbnail","7":"category-brasil","8":"category-economia","9":"entry","10":"gs-1","11":"gs-odd","12":"gs-even","13":"gs-featured-content-entry"},"jetpack_featured_media_url":"https:\/\/www.redenoticia.com.br\/noticia\/imagens\/analise-economia.jpg","jetpack_sharing_enabled":true,"jetpack_likes_enabled":true,"_links":{"self":[{"href":"https:\/\/www.redenoticia.com.br\/noticia\/wp-json\/wp\/v2\/posts\/68953","targetHints":{"allow":["GET"]}}],"collection":[{"href":"https:\/\/www.redenoticia.com.br\/noticia\/wp-json\/wp\/v2\/posts"}],"about":[{"href":"https:\/\/www.redenoticia.com.br\/noticia\/wp-json\/wp\/v2\/types\/post"}],"author":[{"embeddable":true,"href":"https:\/\/www.redenoticia.com.br\/noticia\/wp-json\/wp\/v2\/users\/2"}],"replies":[{"embeddable":true,"href":"https:\/\/www.redenoticia.com.br\/noticia\/wp-json\/wp\/v2\/comments?post=68953"}],"version-history":[{"count":0,"href":"https:\/\/www.redenoticia.com.br\/noticia\/wp-json\/wp\/v2\/posts\/68953\/revisions"}],"wp:featuredmedia":[{"embeddable":true,"href":"https:\/\/www.redenoticia.com.br\/noticia\/wp-json\/wp\/v2\/media\/57585"}],"wp:attachment":[{"href":"https:\/\/www.redenoticia.com.br\/noticia\/wp-json\/wp\/v2\/media?parent=68953"}],"wp:term":[{"taxonomy":"category","embeddable":true,"href":"https:\/\/www.redenoticia.com.br\/noticia\/wp-json\/wp\/v2\/categories?post=68953"},{"taxonomy":"post_tag","embeddable":true,"href":"https:\/\/www.redenoticia.com.br\/noticia\/wp-json\/wp\/v2\/tags?post=68953"}],"curies":[{"name":"wp","href":"https:\/\/api.w.org\/{rel}","templated":true}]}}