{"id":68949,"date":"2015-04-08T17:23:21","date_gmt":"2015-04-08T20:23:21","guid":{"rendered":"http:\/\/www.redenoticia.com.br\/noticia\/?p=68949"},"modified":"2015-04-08T17:23:21","modified_gmt":"2015-04-08T20:23:21","slug":"ipc-s-inicia-abril-com-variacao-de-122","status":"publish","type":"post","link":"https:\/\/www.redenoticia.com.br\/noticia\/2015\/ipc-s-inicia-abril-com-variacao-de-122\/68949","title":{"rendered":"IPC-S inicia abril com varia\u00e7\u00e3o de 1,22%"},"content":{"rendered":"<p> O \u00cdndice de Pre\u00e7os ao Consumidor Semanal (IPC-S) iniciou o m\u00eas de abril com redu\u00e7\u00e3o no ritmo de <strong><em>infla\u00e7\u00e3o<\/em><\/strong>. A taxa apresentou varia\u00e7\u00e3o de 1,22%, o que \u00e9 0,19 ponto percentual menor do que o resultado do fechamento de mar\u00e7o quando foi constatada alta de 1,41%. Na apura\u00e7\u00e3o passada, a diferen\u00e7a para baixo era 0,06 ponto percentual.<\/p>\n<p> O grupo habita\u00e7\u00e3o continuou apresentando a maior taxa. No entanto, foi o que mais contribuiu para conter a velocidade de alta ao passar de 3,71% para 3,31%. Essa varia\u00e7\u00e3o \u00e9 reflexo, principalmente, da tarifa de eletricidade residencial que subiu com menos for\u00e7a ao passar de 22,6% para 17,44%.<\/p>\n<p> A diminui\u00e7\u00e3o do ritmo inflacion\u00e1rio tamb\u00e9m foi consequ\u00eancia da queda mais expressiva no grupo vestu\u00e1rio (de -0,33% para -0,51%) e de um recuo de 0,24% em educa\u00e7\u00e3o, leitura e recrea\u00e7\u00e3o, depois de ter apresentado alta de 0,44%, no levantamento anterior. Al\u00e9m disso, o grupo transportes apresentou decr\u00e9scimo com a taxa passando de 0,67% para 0,31%.<\/p>\n<p>Em comunica\u00e7\u00e3o, a taxa foi negativa, por\u00e9m em ritmo de recupera\u00e7\u00e3o, pois no encerramento de mar\u00e7o apresentou queda de -0,07%. Em despesas diversas, o \u00edndice aumentou de 0,61% para 0,7% e em alimenta\u00e7\u00e3o a alta de 1,05% foi ligeiramente superior \u00e0 verificada na \u00faltima apura\u00e7\u00e3o, quando os pre\u00e7os subiram 1,02%. Tamb\u00e9m houve eleva\u00e7\u00e3o no grupo sa\u00fade e cuidados pessoais (de 0,7% para 0,72%).<\/p>\n<p>Os cinco itens de maior press\u00e3o sobre o IPC foram: a tarifa de energia el\u00e9trica (17,44%), condom\u00ednio residencial (3,77%), refei\u00e7\u00f5es em bares e restaurantes (0,81%), leite tipo longa vida (4,85%) e aluguel residencial (0,75%).<\/p>\n<p>Em sentido oposto, os itens que mais ajudaram a conter a alta m\u00e9dia foram: batata-inglesa, passagem a\u00e9rea (-9,22%), tarifa de telefone residencial (-0,89%); tarifa de t\u00e1xi (-1,63%) e autom\u00f3vel usado (-0,57%).<\/p>\n<p>Marli Moreira &#8211; Rep\u00f3rter da Ag\u00eancia Brasil<br \/>\nEdi\u00e7\u00e3o: Marcos Chagas<\/p>\n","protected":false},"excerpt":{"rendered":"<p>O \u00cdndice de Pre\u00e7os ao Consumidor Semanal (IPC-S) iniciou o m\u00eas de abril com redu\u00e7\u00e3o no ritmo de infla\u00e7\u00e3o. A taxa apresentou varia\u00e7\u00e3o de 1,22%, o que \u00e9 0,19 ponto percentual menor do que o resultado do fechamento de mar\u00e7o quando foi constatada alta de 1,41%. Na apura\u00e7\u00e3o passada, a diferen\u00e7a para baixo era 0,06 [&hellip;]<\/p>\n","protected":false},"author":2,"featured_media":57584,"comment_status":"open","ping_status":"closed","sticky":false,"template":"","format":"standard","meta":{"_genesis_hide_title":false,"_genesis_hide_breadcrumbs":false,"_genesis_hide_singular_image":false,"_genesis_hide_footer_widgets":false,"_genesis_custom_body_class":"","_genesis_custom_post_class":"","_genesis_layout":"","_jetpack_memberships_contains_paid_content":false,"footnotes":""},"categories":[22,7],"tags":[],"class_list":{"0":"post-68949","1":"post","2":"type-post","3":"status-publish","4":"format-standard","5":"has-post-thumbnail","7":"category-brasil","8":"category-economia","9":"entry","10":"gs-1","11":"gs-odd","12":"gs-even","13":"gs-featured-content-entry"},"jetpack_featured_media_url":"https:\/\/www.redenoticia.com.br\/noticia\/imagens\/economia-grafica-analise-inflacao.jpg","jetpack_sharing_enabled":true,"jetpack_likes_enabled":true,"_links":{"self":[{"href":"https:\/\/www.redenoticia.com.br\/noticia\/wp-json\/wp\/v2\/posts\/68949","targetHints":{"allow":["GET"]}}],"collection":[{"href":"https:\/\/www.redenoticia.com.br\/noticia\/wp-json\/wp\/v2\/posts"}],"about":[{"href":"https:\/\/www.redenoticia.com.br\/noticia\/wp-json\/wp\/v2\/types\/post"}],"author":[{"embeddable":true,"href":"https:\/\/www.redenoticia.com.br\/noticia\/wp-json\/wp\/v2\/users\/2"}],"replies":[{"embeddable":true,"href":"https:\/\/www.redenoticia.com.br\/noticia\/wp-json\/wp\/v2\/comments?post=68949"}],"version-history":[{"count":0,"href":"https:\/\/www.redenoticia.com.br\/noticia\/wp-json\/wp\/v2\/posts\/68949\/revisions"}],"wp:featuredmedia":[{"embeddable":true,"href":"https:\/\/www.redenoticia.com.br\/noticia\/wp-json\/wp\/v2\/media\/57584"}],"wp:attachment":[{"href":"https:\/\/www.redenoticia.com.br\/noticia\/wp-json\/wp\/v2\/media?parent=68949"}],"wp:term":[{"taxonomy":"category","embeddable":true,"href":"https:\/\/www.redenoticia.com.br\/noticia\/wp-json\/wp\/v2\/categories?post=68949"},{"taxonomy":"post_tag","embeddable":true,"href":"https:\/\/www.redenoticia.com.br\/noticia\/wp-json\/wp\/v2\/tags?post=68949"}],"curies":[{"name":"wp","href":"https:\/\/api.w.org\/{rel}","templated":true}]}}