{"id":68947,"date":"2015-04-08T17:20:20","date_gmt":"2015-04-08T20:20:20","guid":{"rendered":"http:\/\/www.redenoticia.com.br\/noticia\/?p=68947"},"modified":"2015-04-08T17:20:20","modified_gmt":"2015-04-08T20:20:20","slug":"ipca-fecha-marco-com-maior-taxa-mensal-desde-2003","status":"publish","type":"post","link":"https:\/\/www.redenoticia.com.br\/noticia\/2015\/ipca-fecha-marco-com-maior-taxa-mensal-desde-2003\/68947","title":{"rendered":"IPCA fecha mar\u00e7o com maior taxa mensal desde 2003"},"content":{"rendered":"<p> Com uma alta de pre\u00e7os de 1,32%, em mar\u00e7o deste ano, o \u00cdndice Nacional de Pre\u00e7os ao Consumidor Amplo (IPCA), que mede a <strong><em>infla\u00e7\u00e3o<\/em><\/strong> oficial, registrou a maior taxa mensal desde fevereiro de 2003, quando o \u00edndice havia ficado em 1,57%. Considerando-se apenas os meses de mar\u00e7o, essa \u00e9 a maior taxa desde 1995 (1,55%). Os dados foram divulgados pelo Instituto Brasileiro de Geografia e Estat\u00edstica (IBGE).<\/p>\n<p> Em 12 meses, o IPCA acumula infla\u00e7\u00e3o de 8,13%, acima do teto da meta do governo federal (6,5%) e a maior taxa desde dezembro de 2003, que foi 9,3%. J\u00e1 a taxa acumulada no ano (3,83%) \u00e9 a maior para um primeiro trimestre desde 2003 (5,13%).<\/p>\n<p>A infla\u00e7\u00e3o em mar\u00e7o foi puxada principalmente pelo grupo de despesas habita\u00e7\u00e3o, que teve uma infla\u00e7\u00e3o de 5,29%. O aumento dos pre\u00e7os desse grupo de despesas pode ser atribu\u00eddo, em grande parte, \u00e0 alta de 22,08% no custo da energia el\u00e9trica. Esse item isolado respondeu por mais da metade da infla\u00e7\u00e3o no m\u00eas.<\/p>\n<p>Outra contribui\u00e7\u00e3o importante para o IPCA veio dos alimentos, que tiveram alta de pre\u00e7os de 1,17% em mar\u00e7o. Em fevereiro, o grupo alimenta\u00e7\u00e3o e bebidas teve infla\u00e7\u00e3o menos intensa: 0,81%.<\/p>\n<p>Os transportes tiveram infla\u00e7\u00e3o de 0,46%, abaixo dos 2,2% de fevereiro. O grupo de despesas comunica\u00e7\u00e3o foi o \u00fanico que apresentou defla\u00e7\u00e3o (queda de pre\u00e7os) em mar\u00e7o: -1,16%.<\/p>\n<p>Vitor Abdala &#8211; Rep\u00f3rter da Ag\u00eancia Brasil<br \/>\nEdi\u00e7\u00e3o: Jos\u00e9 Romildo<\/p>\n","protected":false},"excerpt":{"rendered":"<p>Com uma alta de pre\u00e7os de 1,32%, em mar\u00e7o deste ano, o \u00cdndice Nacional de Pre\u00e7os ao Consumidor Amplo (IPCA), que mede a infla\u00e7\u00e3o oficial, registrou a maior taxa mensal desde fevereiro de 2003, quando o \u00edndice havia ficado em 1,57%. Considerando-se apenas os meses de mar\u00e7o, essa \u00e9 a maior taxa desde 1995 (1,55%). [&hellip;]<\/p>\n","protected":false},"author":2,"featured_media":34916,"comment_status":"open","ping_status":"closed","sticky":false,"template":"","format":"standard","meta":{"_genesis_hide_title":false,"_genesis_hide_breadcrumbs":false,"_genesis_hide_singular_image":false,"_genesis_hide_footer_widgets":false,"_genesis_custom_body_class":"","_genesis_custom_post_class":"","_genesis_layout":"","_jetpack_memberships_contains_paid_content":false,"footnotes":""},"categories":[22,7],"tags":[],"class_list":{"0":"post-68947","1":"post","2":"type-post","3":"status-publish","4":"format-standard","5":"has-post-thumbnail","7":"category-brasil","8":"category-economia","9":"entry","10":"gs-1","11":"gs-odd","12":"gs-even","13":"gs-featured-content-entry"},"jetpack_featured_media_url":"https:\/\/www.redenoticia.com.br\/noticia\/imagens\/inflacao.jpg","jetpack_sharing_enabled":true,"jetpack_likes_enabled":true,"_links":{"self":[{"href":"https:\/\/www.redenoticia.com.br\/noticia\/wp-json\/wp\/v2\/posts\/68947","targetHints":{"allow":["GET"]}}],"collection":[{"href":"https:\/\/www.redenoticia.com.br\/noticia\/wp-json\/wp\/v2\/posts"}],"about":[{"href":"https:\/\/www.redenoticia.com.br\/noticia\/wp-json\/wp\/v2\/types\/post"}],"author":[{"embeddable":true,"href":"https:\/\/www.redenoticia.com.br\/noticia\/wp-json\/wp\/v2\/users\/2"}],"replies":[{"embeddable":true,"href":"https:\/\/www.redenoticia.com.br\/noticia\/wp-json\/wp\/v2\/comments?post=68947"}],"version-history":[{"count":0,"href":"https:\/\/www.redenoticia.com.br\/noticia\/wp-json\/wp\/v2\/posts\/68947\/revisions"}],"wp:featuredmedia":[{"embeddable":true,"href":"https:\/\/www.redenoticia.com.br\/noticia\/wp-json\/wp\/v2\/media\/34916"}],"wp:attachment":[{"href":"https:\/\/www.redenoticia.com.br\/noticia\/wp-json\/wp\/v2\/media?parent=68947"}],"wp:term":[{"taxonomy":"category","embeddable":true,"href":"https:\/\/www.redenoticia.com.br\/noticia\/wp-json\/wp\/v2\/categories?post=68947"},{"taxonomy":"post_tag","embeddable":true,"href":"https:\/\/www.redenoticia.com.br\/noticia\/wp-json\/wp\/v2\/tags?post=68947"}],"curies":[{"name":"wp","href":"https:\/\/api.w.org\/{rel}","templated":true}]}}