{"id":68883,"date":"2015-04-07T15:07:26","date_gmt":"2015-04-07T18:07:26","guid":{"rendered":"http:\/\/www.redenoticia.com.br\/noticia\/?p=68883"},"modified":"2015-04-07T15:07:26","modified_gmt":"2015-04-07T18:07:26","slug":"governo-autoriza-reajuste-de-932-nos-servicos-prestados-pelos-correios","status":"publish","type":"post","link":"https:\/\/www.redenoticia.com.br\/noticia\/2015\/governo-autoriza-reajuste-de-932-nos-servicos-prestados-pelos-correios\/68883","title":{"rendered":"Governo autoriza reajuste de 9,32% nos servi\u00e7os prestados pelos Correios"},"content":{"rendered":"<p> O ministro da Fazenda, Joaquim Levy, autorizou um <strong><em>reajuste linear de 9,329% dos servi\u00e7os postais<\/em><\/strong> e telegr\u00e1ficos, nacionais e internacionais, prestados exclusivamente pela Empresa Brasileira de Correios e Tel\u00e9grafos (ECT).<\/p>\n<p>A portaria foi publicada no Di\u00e1rio Oficial da Uni\u00e3o. O pre\u00e7o de cada servi\u00e7o ser\u00e1 definido pelo Minist\u00e9rio das Comunica\u00e7\u00f5es de acordo com a portaria. Qualquer outro reajuste dessas tarifas \u201csomente poder\u00e1 ser implementado depois de decorridos 12 meses, no m\u00ednimo\u201d, informa o texto.<\/p>\n<p>Com o reajuste, uma carta comercial de at\u00e9 20 gramas poder\u00e1 custar R$ 1,41, conforme o que for decidido pelo Minist\u00e9rio das Comunica\u00e7\u00f5es. Um telegrama nacional pr\u00e9-pago emitido na ag\u00eancia poder\u00e1 custar R$ 8,50, por p\u00e1gina, de acordo com tabela publicada em anexo \u00e0 portaria.<\/p>\n<p>De acordo com os Correios o primeiro porte da carta n\u00e3o comercial, por exemplo, ter\u00e1 seu valor corrigido de R$ 0,85 para R$ 0,95. No caso de telegrama nacional redigido pela internet, a nova tarifa \u00e9 R$ 5,87, por p\u00e1gina. Antes, a tarifa era R$ 5,37. A tarifa da Carta Social, destinada aos benefici\u00e1rios do Programa Bolsa Fam\u00edlia, permanece inalterada em R$ 0,01.<\/p>\n<p>Os Correios informam que os servi\u00e7os da estatal s\u00e3o reajustados com base na recomposi\u00e7\u00e3o dos custos repassados \u00e0 empresa, como o aumento dos pre\u00e7os dos combust\u00edveis, os contratos de aluguel, transportes, vigil\u00e2ncia, limpeza e os sal\u00e1rios dos empregados. O \u00faltimo reajuste ocorreu em junho de 2014.<\/p>\n<p>As novas tarifas n\u00e3o se aplicam ao segmento de encomendas e marketing direto. Quando o Minist\u00e9rio das Comunica\u00e7\u00f5es efetivar os reajustes, as novas tarifas estar\u00e3o dispon\u00edveis na se\u00e7\u00e3o Pre\u00e7os e Prazos do site dos Correios.<\/p>\n<p>Da Ag\u00eancia Brasil<br \/>\nEdi\u00e7\u00e3o: Marcos Chagas<\/p>\n","protected":false},"excerpt":{"rendered":"<p>O ministro da Fazenda, Joaquim Levy, autorizou um reajuste linear de 9,329% dos servi\u00e7os postais e telegr\u00e1ficos, nacionais e internacionais, prestados exclusivamente pela Empresa Brasileira de Correios e Tel\u00e9grafos (ECT). A portaria foi publicada no Di\u00e1rio Oficial da Uni\u00e3o. O pre\u00e7o de cada servi\u00e7o ser\u00e1 definido pelo Minist\u00e9rio das Comunica\u00e7\u00f5es de acordo com a portaria. [&hellip;]<\/p>\n","protected":false},"author":2,"featured_media":57584,"comment_status":"open","ping_status":"closed","sticky":false,"template":"","format":"standard","meta":{"_genesis_hide_title":false,"_genesis_hide_breadcrumbs":false,"_genesis_hide_singular_image":false,"_genesis_hide_footer_widgets":false,"_genesis_custom_body_class":"","_genesis_custom_post_class":"","_genesis_layout":"","_jetpack_memberships_contains_paid_content":false,"footnotes":""},"categories":[22,7],"tags":[],"class_list":{"0":"post-68883","1":"post","2":"type-post","3":"status-publish","4":"format-standard","5":"has-post-thumbnail","7":"category-brasil","8":"category-economia","9":"entry","10":"gs-1","11":"gs-odd","12":"gs-even","13":"gs-featured-content-entry"},"jetpack_featured_media_url":"https:\/\/www.redenoticia.com.br\/noticia\/imagens\/economia-grafica-analise-inflacao.jpg","jetpack_sharing_enabled":true,"jetpack_likes_enabled":true,"_links":{"self":[{"href":"https:\/\/www.redenoticia.com.br\/noticia\/wp-json\/wp\/v2\/posts\/68883","targetHints":{"allow":["GET"]}}],"collection":[{"href":"https:\/\/www.redenoticia.com.br\/noticia\/wp-json\/wp\/v2\/posts"}],"about":[{"href":"https:\/\/www.redenoticia.com.br\/noticia\/wp-json\/wp\/v2\/types\/post"}],"author":[{"embeddable":true,"href":"https:\/\/www.redenoticia.com.br\/noticia\/wp-json\/wp\/v2\/users\/2"}],"replies":[{"embeddable":true,"href":"https:\/\/www.redenoticia.com.br\/noticia\/wp-json\/wp\/v2\/comments?post=68883"}],"version-history":[{"count":0,"href":"https:\/\/www.redenoticia.com.br\/noticia\/wp-json\/wp\/v2\/posts\/68883\/revisions"}],"wp:featuredmedia":[{"embeddable":true,"href":"https:\/\/www.redenoticia.com.br\/noticia\/wp-json\/wp\/v2\/media\/57584"}],"wp:attachment":[{"href":"https:\/\/www.redenoticia.com.br\/noticia\/wp-json\/wp\/v2\/media?parent=68883"}],"wp:term":[{"taxonomy":"category","embeddable":true,"href":"https:\/\/www.redenoticia.com.br\/noticia\/wp-json\/wp\/v2\/categories?post=68883"},{"taxonomy":"post_tag","embeddable":true,"href":"https:\/\/www.redenoticia.com.br\/noticia\/wp-json\/wp\/v2\/tags?post=68883"}],"curies":[{"name":"wp","href":"https:\/\/api.w.org\/{rel}","templated":true}]}}