{"id":68881,"date":"2015-04-07T15:01:19","date_gmt":"2015-04-07T18:01:19","guid":{"rendered":"http:\/\/www.redenoticia.com.br\/noticia\/?p=68881"},"modified":"2015-04-07T15:01:19","modified_gmt":"2015-04-07T18:01:19","slug":"venda-e-producao-de-veiculos-acumulam-queda","status":"publish","type":"post","link":"https:\/\/www.redenoticia.com.br\/noticia\/2015\/venda-e-producao-de-veiculos-acumulam-queda\/68881","title":{"rendered":"Venda e produ\u00e7\u00e3o de ve\u00edculos acumulam queda"},"content":{"rendered":"<p> As <strong><em>vendas e a produ\u00e7\u00e3o de ve\u00edculos<\/em><\/strong> aumentaram na virada de fevereiro para mar\u00e7o, mas o desempenho do setor ainda registra quedas no acumulado do trimestre e tamb\u00e9m em rela\u00e7\u00e3o h\u00e1 um ano atr\u00e1s. Em mar\u00e7o (que teve cinco dias \u00fateis a mais que fevereiro), a ind\u00fastria automobil\u00edstica produziu 253,6 mil unidades, 22,9% acima do registrado no m\u00eas anterior. No acumulado de tr\u00eas meses, o n\u00famero alcan\u00e7a 663,1 mil ve\u00edculos, 16,2% abaixo do mesmo per\u00edodo de 2014. Na compara\u00e7\u00e3o com mar\u00e7o do ano passado, houve recuo de 7% na produ\u00e7\u00e3o automobil\u00edstica.<\/p>\n<p>J\u00e1 as vendas internas no atacado cresceram 30,9% em mar\u00e7o na compara\u00e7\u00e3o com fevereiro, somando 4,8 mil unidades. No trimestre, as vendas ca\u00edram 20,3% e, na compara\u00e7\u00e3o com o mesmo per\u00edodo do ano passado a queda nas vendas atingiu 12,5%.<\/p>\n<p>No terceiro m\u00eas do ano foram licenciados 234,6 mil ve\u00edculos, o que \u00e9 26,2% acima de fevereiro, mas 2,6% abaixo do registrado em mar\u00e7o de 2014. Desde janeiro, os licenciamentos de ve\u00edculos acumulam queda de 17%.<\/p>\n<p>J\u00e1 as exporta\u00e7\u00f5es atingiram US$ 910 milh\u00f5es, resultado 8,2% superior ao verificado em fevereiro. O volume por\u00e9m \u00e9 6,7% menor do que em mar\u00e7o de 2014.<\/p>\n<p>Os dados est\u00e3o sendo divulgados pelo presidente da Associa\u00e7\u00e3o Nacional dos Fabricantes de Ve\u00edculos Automotores (Anfavea), Luiz Moan. Ele classificou o resultado de \u201cextremamente ruim\u201d, mas acredita que apesar do grande n\u00famero de feriados previstos para o segundo trimestre, o desempenho das montadoras tende a ser melhor. O executivo observou que entre os resultados negativos est\u00e1 a produ\u00e7\u00e3o de caminh\u00f5es que ficou bem abaixo da m\u00e9dia, com recuo de 49,3%.  <\/p>\n<p>Marli Moreira \u2013 Rep\u00f3rter da Ag\u00eancia Brasil<br \/>\nEdi\u00e7\u00e3o: Denise Griesinger<\/p>\n","protected":false},"excerpt":{"rendered":"<p>As vendas e a produ\u00e7\u00e3o de ve\u00edculos aumentaram na virada de fevereiro para mar\u00e7o, mas o desempenho do setor ainda registra quedas no acumulado do trimestre e tamb\u00e9m em rela\u00e7\u00e3o h\u00e1 um ano atr\u00e1s. Em mar\u00e7o (que teve cinco dias \u00fateis a mais que fevereiro), a ind\u00fastria automobil\u00edstica produziu 253,6 mil unidades, 22,9% acima do [&hellip;]<\/p>\n","protected":false},"author":2,"featured_media":35207,"comment_status":"open","ping_status":"closed","sticky":false,"template":"","format":"standard","meta":{"_genesis_hide_title":false,"_genesis_hide_breadcrumbs":false,"_genesis_hide_singular_image":false,"_genesis_hide_footer_widgets":false,"_genesis_custom_body_class":"","_genesis_custom_post_class":"","_genesis_layout":"","_jetpack_memberships_contains_paid_content":false,"footnotes":""},"categories":[22,7],"tags":[],"class_list":{"0":"post-68881","1":"post","2":"type-post","3":"status-publish","4":"format-standard","5":"has-post-thumbnail","7":"category-brasil","8":"category-economia","9":"entry","10":"gs-1","11":"gs-odd","12":"gs-even","13":"gs-featured-content-entry"},"jetpack_featured_media_url":"https:\/\/www.redenoticia.com.br\/noticia\/imagens\/transito-estradas.jpg","jetpack_sharing_enabled":true,"jetpack_likes_enabled":true,"_links":{"self":[{"href":"https:\/\/www.redenoticia.com.br\/noticia\/wp-json\/wp\/v2\/posts\/68881","targetHints":{"allow":["GET"]}}],"collection":[{"href":"https:\/\/www.redenoticia.com.br\/noticia\/wp-json\/wp\/v2\/posts"}],"about":[{"href":"https:\/\/www.redenoticia.com.br\/noticia\/wp-json\/wp\/v2\/types\/post"}],"author":[{"embeddable":true,"href":"https:\/\/www.redenoticia.com.br\/noticia\/wp-json\/wp\/v2\/users\/2"}],"replies":[{"embeddable":true,"href":"https:\/\/www.redenoticia.com.br\/noticia\/wp-json\/wp\/v2\/comments?post=68881"}],"version-history":[{"count":0,"href":"https:\/\/www.redenoticia.com.br\/noticia\/wp-json\/wp\/v2\/posts\/68881\/revisions"}],"wp:featuredmedia":[{"embeddable":true,"href":"https:\/\/www.redenoticia.com.br\/noticia\/wp-json\/wp\/v2\/media\/35207"}],"wp:attachment":[{"href":"https:\/\/www.redenoticia.com.br\/noticia\/wp-json\/wp\/v2\/media?parent=68881"}],"wp:term":[{"taxonomy":"category","embeddable":true,"href":"https:\/\/www.redenoticia.com.br\/noticia\/wp-json\/wp\/v2\/categories?post=68881"},{"taxonomy":"post_tag","embeddable":true,"href":"https:\/\/www.redenoticia.com.br\/noticia\/wp-json\/wp\/v2\/tags?post=68881"}],"curies":[{"name":"wp","href":"https:\/\/api.w.org\/{rel}","templated":true}]}}