{"id":68829,"date":"2015-04-06T14:23:24","date_gmt":"2015-04-06T17:23:24","guid":{"rendered":"http:\/\/www.redenoticia.com.br\/noticia\/?p=68829"},"modified":"2015-04-06T14:23:24","modified_gmt":"2015-04-06T17:23:24","slug":"mercado-espera-inflacao-de-82-e-retracao-no-pib-de-101-em-2015","status":"publish","type":"post","link":"https:\/\/www.redenoticia.com.br\/noticia\/2015\/mercado-espera-inflacao-de-82-e-retracao-no-pib-de-101-em-2015\/68829","title":{"rendered":"Mercado espera infla\u00e7\u00e3o de 8,2% e retra\u00e7\u00e3o no PIB de 1,01% em 2015"},"content":{"rendered":"<p> Investidores e analistas dos mercado financeiro j\u00e1 estimam para 2015 <strong><em>infla\u00e7\u00e3o<\/em><\/strong> de 8,2%, pelo \u00cdndice de Pre\u00e7os ao Consumidor Amplo (IPCA). O IPCA \u00e9 calculado mensalmente pelo Instituto Brasileiro de Geografia e Estat\u00edstica (IBGE), com o objetivo de oferecer a varia\u00e7\u00e3o dos pre\u00e7os no com\u00e9rcio para o p\u00fablico final.<\/p>\n<p>A estimativa est\u00e1 no boletim Focus divulgado semanalmente pelo Banco Central. A proje\u00e7\u00e3o para o crescimento da economia tamb\u00e9m se mant\u00e9m pessimista. A nova expectativa mostra retra\u00e7\u00e3o de 1,01%. Esse resultado se dar\u00e1, de acordo com a publica\u00e7\u00e3o, em raz\u00e3o da retra\u00e7\u00e3o prevista de 2,64% na produ\u00e7\u00e3o industrial.<\/p>\n<p>A taxa de c\u00e2mbio estimada para dezembro de 2015 ficar\u00e1 em R$ 3,25. A taxa b\u00e1sica da economia (Selic), prevista para o mesmo per\u00edodo, foi mantida em 13,25% ao ano. Os pre\u00e7os administrados, fixados ou controlados pelo governo, como a gasolina e eletricidade, ter\u00e3o um reajuste de 13% na perspectiva do mercado financeiro.<\/p>\n<p>No setor externo, melhorou a estimativa para o d\u00e9ficit em conta-corrente: passou para US$ 77 bilh\u00f5es, com a melhora na proje\u00e7\u00e3o do saldo na balan\u00e7a comercial, agora em US$ 4,02 bilh\u00f5es. Os investimentos estrangeiros diretos esperados chegar\u00e3o a US$ 56 bilh\u00f5es.<\/p>\n<p>Daniel Lima &#8211; Rep\u00f3rter da Ag\u00eancia Brasil<br \/>\nEdi\u00e7\u00e3o: Jos\u00e9 Romildo<\/p>\n","protected":false},"excerpt":{"rendered":"<p>Investidores e analistas dos mercado financeiro j\u00e1 estimam para 2015 infla\u00e7\u00e3o de 8,2%, pelo \u00cdndice de Pre\u00e7os ao Consumidor Amplo (IPCA). O IPCA \u00e9 calculado mensalmente pelo Instituto Brasileiro de Geografia e Estat\u00edstica (IBGE), com o objetivo de oferecer a varia\u00e7\u00e3o dos pre\u00e7os no com\u00e9rcio para o p\u00fablico final. A estimativa est\u00e1 no boletim Focus [&hellip;]<\/p>\n","protected":false},"author":2,"featured_media":57584,"comment_status":"open","ping_status":"closed","sticky":false,"template":"","format":"standard","meta":{"_genesis_hide_title":false,"_genesis_hide_breadcrumbs":false,"_genesis_hide_singular_image":false,"_genesis_hide_footer_widgets":false,"_genesis_custom_body_class":"","_genesis_custom_post_class":"","_genesis_layout":"","_jetpack_memberships_contains_paid_content":false,"footnotes":""},"categories":[22,7],"tags":[],"class_list":{"0":"post-68829","1":"post","2":"type-post","3":"status-publish","4":"format-standard","5":"has-post-thumbnail","7":"category-brasil","8":"category-economia","9":"entry","10":"gs-1","11":"gs-odd","12":"gs-even","13":"gs-featured-content-entry"},"jetpack_featured_media_url":"https:\/\/www.redenoticia.com.br\/noticia\/imagens\/economia-grafica-analise-inflacao.jpg","jetpack_sharing_enabled":true,"jetpack_likes_enabled":true,"_links":{"self":[{"href":"https:\/\/www.redenoticia.com.br\/noticia\/wp-json\/wp\/v2\/posts\/68829","targetHints":{"allow":["GET"]}}],"collection":[{"href":"https:\/\/www.redenoticia.com.br\/noticia\/wp-json\/wp\/v2\/posts"}],"about":[{"href":"https:\/\/www.redenoticia.com.br\/noticia\/wp-json\/wp\/v2\/types\/post"}],"author":[{"embeddable":true,"href":"https:\/\/www.redenoticia.com.br\/noticia\/wp-json\/wp\/v2\/users\/2"}],"replies":[{"embeddable":true,"href":"https:\/\/www.redenoticia.com.br\/noticia\/wp-json\/wp\/v2\/comments?post=68829"}],"version-history":[{"count":0,"href":"https:\/\/www.redenoticia.com.br\/noticia\/wp-json\/wp\/v2\/posts\/68829\/revisions"}],"wp:featuredmedia":[{"embeddable":true,"href":"https:\/\/www.redenoticia.com.br\/noticia\/wp-json\/wp\/v2\/media\/57584"}],"wp:attachment":[{"href":"https:\/\/www.redenoticia.com.br\/noticia\/wp-json\/wp\/v2\/media?parent=68829"}],"wp:term":[{"taxonomy":"category","embeddable":true,"href":"https:\/\/www.redenoticia.com.br\/noticia\/wp-json\/wp\/v2\/categories?post=68829"},{"taxonomy":"post_tag","embeddable":true,"href":"https:\/\/www.redenoticia.com.br\/noticia\/wp-json\/wp\/v2\/tags?post=68829"}],"curies":[{"name":"wp","href":"https:\/\/api.w.org\/{rel}","templated":true}]}}