{"id":68825,"date":"2015-04-06T14:18:03","date_gmt":"2015-04-06T17:18:03","guid":{"rendered":"http:\/\/www.redenoticia.com.br\/noticia\/?p=68825"},"modified":"2015-04-06T14:18:03","modified_gmt":"2015-04-06T17:18:03","slug":"diminui-numero-de-empregados-no-comercio-varejista-em-sao-paulo","status":"publish","type":"post","link":"https:\/\/www.redenoticia.com.br\/noticia\/2015\/diminui-numero-de-empregados-no-comercio-varejista-em-sao-paulo\/68825","title":{"rendered":"Diminui n\u00famero de empregados no com\u00e9rcio varejista em S\u00e3o Paulo"},"content":{"rendered":"<p> O total de <strong><em>trabalhadores do com\u00e9rcio varejista<\/em><\/strong> da regi\u00e3o metropolitana de S\u00e3o Paulo atingiu, em fevereiro, o menor n\u00famero dos \u00faltimos seis meses, com um total de 1.011.904 empregados. No segundo m\u00eas deste ano, foram abertas 43.119 vagas no com\u00e9rcio, 12,8% acima do registrado em janeiro. No entanto, essa quantidade foi 14,5% inferior aos postos criados no mesmo m\u00eas do ano passado.<\/p>\n<p>Em fevereiro, foram demitidos 45.058 empregado, n\u00famero 15,1% menor do queos desligamentos ocorrido janeiro. Em janeiro, houve 53.089 demiss\u00f5es de empregados no com\u00e9rcio. Sobre fevereiro de 2014, houve uma redu\u00e7\u00e3o de demiss\u00f5es equivalente a 6,8%.<\/p>\n<p>Os dados foram divulgados pela Federa\u00e7\u00e3o do Com\u00e9rcio de Bens, Servi\u00e7os e Turismo do Estado de S\u00e3o Paulo (FecomercioSP) em dez ramos de atividades, com base nos registros do Cadastro Geral de Empregados e Desempregados (Caged) do Minist\u00e9rio do Trabalho e Emprego (MTE).<\/p>\n<p>Marli Moreira &#8211; Rep\u00f3rter da Ag\u00eancia Brasil<br \/>\nEdi\u00e7\u00e3o: Jos\u00e9 Romildo<\/p>\n","protected":false},"excerpt":{"rendered":"<p>O total de trabalhadores do com\u00e9rcio varejista da regi\u00e3o metropolitana de S\u00e3o Paulo atingiu, em fevereiro, o menor n\u00famero dos \u00faltimos seis meses, com um total de 1.011.904 empregados. No segundo m\u00eas deste ano, foram abertas 43.119 vagas no com\u00e9rcio, 12,8% acima do registrado em janeiro. No entanto, essa quantidade foi 14,5% inferior aos postos [&hellip;]<\/p>\n","protected":false},"author":2,"featured_media":57585,"comment_status":"open","ping_status":"closed","sticky":false,"template":"","format":"standard","meta":{"_genesis_hide_title":false,"_genesis_hide_breadcrumbs":false,"_genesis_hide_singular_image":false,"_genesis_hide_footer_widgets":false,"_genesis_custom_body_class":"","_genesis_custom_post_class":"","_genesis_layout":"","_jetpack_memberships_contains_paid_content":false,"footnotes":""},"categories":[22,7],"tags":[],"class_list":{"0":"post-68825","1":"post","2":"type-post","3":"status-publish","4":"format-standard","5":"has-post-thumbnail","7":"category-brasil","8":"category-economia","9":"entry","10":"gs-1","11":"gs-odd","12":"gs-even","13":"gs-featured-content-entry"},"jetpack_featured_media_url":"https:\/\/www.redenoticia.com.br\/noticia\/imagens\/analise-economia.jpg","jetpack_sharing_enabled":true,"jetpack_likes_enabled":true,"_links":{"self":[{"href":"https:\/\/www.redenoticia.com.br\/noticia\/wp-json\/wp\/v2\/posts\/68825","targetHints":{"allow":["GET"]}}],"collection":[{"href":"https:\/\/www.redenoticia.com.br\/noticia\/wp-json\/wp\/v2\/posts"}],"about":[{"href":"https:\/\/www.redenoticia.com.br\/noticia\/wp-json\/wp\/v2\/types\/post"}],"author":[{"embeddable":true,"href":"https:\/\/www.redenoticia.com.br\/noticia\/wp-json\/wp\/v2\/users\/2"}],"replies":[{"embeddable":true,"href":"https:\/\/www.redenoticia.com.br\/noticia\/wp-json\/wp\/v2\/comments?post=68825"}],"version-history":[{"count":0,"href":"https:\/\/www.redenoticia.com.br\/noticia\/wp-json\/wp\/v2\/posts\/68825\/revisions"}],"wp:featuredmedia":[{"embeddable":true,"href":"https:\/\/www.redenoticia.com.br\/noticia\/wp-json\/wp\/v2\/media\/57585"}],"wp:attachment":[{"href":"https:\/\/www.redenoticia.com.br\/noticia\/wp-json\/wp\/v2\/media?parent=68825"}],"wp:term":[{"taxonomy":"category","embeddable":true,"href":"https:\/\/www.redenoticia.com.br\/noticia\/wp-json\/wp\/v2\/categories?post=68825"},{"taxonomy":"post_tag","embeddable":true,"href":"https:\/\/www.redenoticia.com.br\/noticia\/wp-json\/wp\/v2\/tags?post=68825"}],"curies":[{"name":"wp","href":"https:\/\/api.w.org\/{rel}","templated":true}]}}