{"id":68687,"date":"2015-04-02T14:24:54","date_gmt":"2015-04-02T17:24:54","guid":{"rendered":"http:\/\/www.redenoticia.com.br\/noticia\/?p=68687"},"modified":"2015-04-02T14:24:54","modified_gmt":"2015-04-02T17:24:54","slug":"policia-rodoviaria-reforca-fiscalizacao-nas-estradas","status":"publish","type":"post","link":"https:\/\/www.redenoticia.com.br\/noticia\/2015\/policia-rodoviaria-reforca-fiscalizacao-nas-estradas\/68687","title":{"rendered":"Pol\u00edcia Rodovi\u00e1ria refor\u00e7a fiscaliza\u00e7\u00e3o nas estradas"},"content":{"rendered":"<p> Agentes da Pol\u00edcia Rodovi\u00e1ria Federal (PRF) refor\u00e7am a <strong><em>fiscaliza\u00e7\u00e3o nas principais estradas<\/em><\/strong> e rodovias do pa\u00eds na Opera\u00e7\u00e3o Semana Santa, que se estende at\u00e9 segunda-feira (6). Os policiais estar\u00e3o atentos para comportamentos de risco de motoristas nas rodovias, como ultrapassagens indevidas, excesso de velocidade e dire\u00e7\u00e3o sob o efeito de bebidas alco\u00f3licas.<\/p>\n<p>Motoristas que dirigem caminh\u00f5es com dois reboques, ve\u00edculos com dimens\u00f5es excedentes e caminh\u00f5es cegonha devem ficar atentos aos hor\u00e1rios permitidos para o tr\u00e1fego em rodovias de pista simples. O tr\u00e2nsito desses ve\u00edculos est\u00e1 suspenso hoje, das 16h \u00e0s 24h, amanh\u00e3, das 6h \u00e0s 12h, e domingo, das 16h \u00e0s 24h.<\/p>\n<p>A PRF tamb\u00e9m recomenda aos motoristas que pretendem viajar a fazer revis\u00e3o no carro, verificar palhetas dos limpadores de para-brisa, itens de ilumina\u00e7\u00e3o e de sinaliza\u00e7\u00e3o.<\/p>\n<p>Da Ag\u00eancia Brasil<br \/>\nEdi\u00e7\u00e3o: Jos\u00e9 Romildo<\/p>\n<p>&#8212;<br \/>\nA Empresa Brasil de Comunica\u00e7\u00e3o \u00e9 uma institui\u00e7\u00e3o da democracia brasileira: p\u00fablica, inclusiva e cidad\u00e3.  Criada em 2007 para fortalecer o sistema p\u00fablico de comunica\u00e7\u00e3o, \u00e9 gestora dos canais TV Brasil, TV Brasil Internacional, Ag\u00eancia Brasil, Radioag\u00eancia Nacional e do sistema p\u00fablico de R\u00e1dio \u2013 composto por oito emissoras. Estes, por sua independ\u00eancia editorial, distinguem-se dos canais estatais ou governamentais, com conte\u00fados diferenciados e complementares aos canais privados.<\/p>\n","protected":false},"excerpt":{"rendered":"<p>Agentes da Pol\u00edcia Rodovi\u00e1ria Federal (PRF) refor\u00e7am a fiscaliza\u00e7\u00e3o nas principais estradas e rodovias do pa\u00eds na Opera\u00e7\u00e3o Semana Santa, que se estende at\u00e9 segunda-feira (6). Os policiais estar\u00e3o atentos para comportamentos de risco de motoristas nas rodovias, como ultrapassagens indevidas, excesso de velocidade e dire\u00e7\u00e3o sob o efeito de bebidas alco\u00f3licas. Motoristas que dirigem [&hellip;]<\/p>\n","protected":false},"author":2,"featured_media":35207,"comment_status":"open","ping_status":"closed","sticky":false,"template":"","format":"standard","meta":{"_genesis_hide_title":false,"_genesis_hide_breadcrumbs":false,"_genesis_hide_singular_image":false,"_genesis_hide_footer_widgets":false,"_genesis_custom_body_class":"","_genesis_custom_post_class":"","_genesis_layout":"","_jetpack_memberships_contains_paid_content":false,"footnotes":""},"categories":[22],"tags":[],"class_list":{"0":"post-68687","1":"post","2":"type-post","3":"status-publish","4":"format-standard","5":"has-post-thumbnail","7":"category-brasil","8":"entry","9":"gs-1","10":"gs-odd","11":"gs-even","12":"gs-featured-content-entry"},"jetpack_featured_media_url":"https:\/\/www.redenoticia.com.br\/noticia\/imagens\/transito-estradas.jpg","jetpack_sharing_enabled":true,"jetpack_likes_enabled":true,"_links":{"self":[{"href":"https:\/\/www.redenoticia.com.br\/noticia\/wp-json\/wp\/v2\/posts\/68687","targetHints":{"allow":["GET"]}}],"collection":[{"href":"https:\/\/www.redenoticia.com.br\/noticia\/wp-json\/wp\/v2\/posts"}],"about":[{"href":"https:\/\/www.redenoticia.com.br\/noticia\/wp-json\/wp\/v2\/types\/post"}],"author":[{"embeddable":true,"href":"https:\/\/www.redenoticia.com.br\/noticia\/wp-json\/wp\/v2\/users\/2"}],"replies":[{"embeddable":true,"href":"https:\/\/www.redenoticia.com.br\/noticia\/wp-json\/wp\/v2\/comments?post=68687"}],"version-history":[{"count":0,"href":"https:\/\/www.redenoticia.com.br\/noticia\/wp-json\/wp\/v2\/posts\/68687\/revisions"}],"wp:featuredmedia":[{"embeddable":true,"href":"https:\/\/www.redenoticia.com.br\/noticia\/wp-json\/wp\/v2\/media\/35207"}],"wp:attachment":[{"href":"https:\/\/www.redenoticia.com.br\/noticia\/wp-json\/wp\/v2\/media?parent=68687"}],"wp:term":[{"taxonomy":"category","embeddable":true,"href":"https:\/\/www.redenoticia.com.br\/noticia\/wp-json\/wp\/v2\/categories?post=68687"},{"taxonomy":"post_tag","embeddable":true,"href":"https:\/\/www.redenoticia.com.br\/noticia\/wp-json\/wp\/v2\/tags?post=68687"}],"curies":[{"name":"wp","href":"https:\/\/api.w.org\/{rel}","templated":true}]}}