{"id":68685,"date":"2015-04-02T14:21:24","date_gmt":"2015-04-02T17:21:24","guid":{"rendered":"http:\/\/www.redenoticia.com.br\/noticia\/?p=68685"},"modified":"2015-04-02T14:21:24","modified_gmt":"2015-04-02T17:21:24","slug":"pedidos-de-falencia-crescem-573-em-marco-indica-serasa-experian","status":"publish","type":"post","link":"https:\/\/www.redenoticia.com.br\/noticia\/2015\/pedidos-de-falencia-crescem-573-em-marco-indica-serasa-experian\/68685","title":{"rendered":"Pedidos de fal\u00eancia crescem 57,3% em mar\u00e7o, indica Serasa Experian"},"content":{"rendered":"<p> Os <strong><em>pedidos de fal\u00eancia<\/em><\/strong> em todo o Brasil somaram 140 em mar\u00e7o. O n\u00famero de pedidos representa alta de 57,3% do total registrado em fevereiro, quando 89 requerimentos foram processados. Os dados s\u00e3o do Indicador Serasa Experian de Fal\u00eancias e Recupera\u00e7\u00f5es. Na compara\u00e7\u00e3o com o mesmo per\u00edodo do ano passado, houve aumento de 6,1%.<\/p>\n<p>Dos pedidos feitos, 69 referem-se a micro e pequenas empresas; 32 a firmas de m\u00e9dio porte e 39 a grandes companhias.<\/p>\n<p>Os economistas da Serasa Experian justificaram a alta como sendo \u201creflexo tanto do maior n\u00famero de dias \u00fateis em rela\u00e7\u00e3o a fevereiro [o carnaval deste ano caiu no segundo m\u00eas do ano], quanto das crescentes dificuldades financeiras das empresas,endo em vista o atual quadro econ\u00f4mico recessivo, combinado com altas da infla\u00e7\u00e3o, dos juros e da taxa de c\u00e2mbio\u201d.<\/p>\n<p>Tamb\u00e9m aumentaram as solicita\u00e7\u00f5es de recupera\u00e7\u00e3o judicial, que totalizaram 75 requerimentos \u2013 resultado 78,6% maior que o de fevereiro, quando foram feitos 42 pedidos. A maior parte dos pedidos veio de micro e pequenas empresas (50). As m\u00e9dias empresas apresentaram 18 requerimentos e as grandes, 7.<\/p>\n<p>Marli Moreira \u2013 Rep\u00f3rter da Ag\u00eancia Brasil<br \/>\nEdi\u00e7\u00e3o: Denise Griesinger<\/p>\n","protected":false},"excerpt":{"rendered":"<p>Os pedidos de fal\u00eancia em todo o Brasil somaram 140 em mar\u00e7o. O n\u00famero de pedidos representa alta de 57,3% do total registrado em fevereiro, quando 89 requerimentos foram processados. Os dados s\u00e3o do Indicador Serasa Experian de Fal\u00eancias e Recupera\u00e7\u00f5es. Na compara\u00e7\u00e3o com o mesmo per\u00edodo do ano passado, houve aumento de 6,1%. Dos [&hellip;]<\/p>\n","protected":false},"author":2,"featured_media":57585,"comment_status":"open","ping_status":"closed","sticky":false,"template":"","format":"standard","meta":{"_genesis_hide_title":false,"_genesis_hide_breadcrumbs":false,"_genesis_hide_singular_image":false,"_genesis_hide_footer_widgets":false,"_genesis_custom_body_class":"","_genesis_custom_post_class":"","_genesis_layout":"","_jetpack_memberships_contains_paid_content":false,"footnotes":""},"categories":[22,7],"tags":[],"class_list":{"0":"post-68685","1":"post","2":"type-post","3":"status-publish","4":"format-standard","5":"has-post-thumbnail","7":"category-brasil","8":"category-economia","9":"entry","10":"gs-1","11":"gs-odd","12":"gs-even","13":"gs-featured-content-entry"},"jetpack_featured_media_url":"https:\/\/www.redenoticia.com.br\/noticia\/imagens\/analise-economia.jpg","jetpack_sharing_enabled":true,"jetpack_likes_enabled":true,"_links":{"self":[{"href":"https:\/\/www.redenoticia.com.br\/noticia\/wp-json\/wp\/v2\/posts\/68685","targetHints":{"allow":["GET"]}}],"collection":[{"href":"https:\/\/www.redenoticia.com.br\/noticia\/wp-json\/wp\/v2\/posts"}],"about":[{"href":"https:\/\/www.redenoticia.com.br\/noticia\/wp-json\/wp\/v2\/types\/post"}],"author":[{"embeddable":true,"href":"https:\/\/www.redenoticia.com.br\/noticia\/wp-json\/wp\/v2\/users\/2"}],"replies":[{"embeddable":true,"href":"https:\/\/www.redenoticia.com.br\/noticia\/wp-json\/wp\/v2\/comments?post=68685"}],"version-history":[{"count":0,"href":"https:\/\/www.redenoticia.com.br\/noticia\/wp-json\/wp\/v2\/posts\/68685\/revisions"}],"wp:featuredmedia":[{"embeddable":true,"href":"https:\/\/www.redenoticia.com.br\/noticia\/wp-json\/wp\/v2\/media\/57585"}],"wp:attachment":[{"href":"https:\/\/www.redenoticia.com.br\/noticia\/wp-json\/wp\/v2\/media?parent=68685"}],"wp:term":[{"taxonomy":"category","embeddable":true,"href":"https:\/\/www.redenoticia.com.br\/noticia\/wp-json\/wp\/v2\/categories?post=68685"},{"taxonomy":"post_tag","embeddable":true,"href":"https:\/\/www.redenoticia.com.br\/noticia\/wp-json\/wp\/v2\/tags?post=68685"}],"curies":[{"name":"wp","href":"https:\/\/api.w.org\/{rel}","templated":true}]}}