{"id":68683,"date":"2015-04-02T14:19:38","date_gmt":"2015-04-02T17:19:38","guid":{"rendered":"http:\/\/www.redenoticia.com.br\/noticia\/?p=68683"},"modified":"2015-04-02T14:19:38","modified_gmt":"2015-04-02T17:19:38","slug":"governo-retoma-aliquotas-do-pispasep-e-cofins","status":"publish","type":"post","link":"https:\/\/www.redenoticia.com.br\/noticia\/2015\/governo-retoma-aliquotas-do-pispasep-e-cofins\/68683","title":{"rendered":"Governo retoma al\u00edquotas do PIS\/Pasep e Cofins"},"content":{"rendered":"<p> O governo restabeleceu em 0,65% a al\u00edquota sobre a contribui\u00e7\u00e3o para o Programa de Integra\u00e7\u00e3o Social e o Programa de Forma\u00e7\u00e3o do Patrim\u00f4nio do Servidor P\u00fablico (<strong><em>PIS\/Pasep<\/em><\/strong>) e em 4% a al\u00edquota referente \u00e0 Contribui\u00e7\u00e3o para o Financiamento da Seguridade Social (Cofins). As al\u00edquotas, que estavam zeradas, incidem sobre a receita financeira auferida por empresas sujeitas ao regime de apura\u00e7\u00e3o de tributos n\u00e3o cumulativa, ou seja, cuja base de c\u00e1lculo do imposto \u00e9 o faturamento mensal.<\/p>\n<p>O restabelecimento das al\u00edquotas est\u00e1 em decreto publicado em edi\u00e7\u00e3o extraordin\u00e1ria do Di\u00e1rio Oficial da Uni\u00e3o.<\/p>\n<p>A Receita Federal estima que a medida atinja cerca de 80 mil empresas e proporcionar\u00e1 arrecada\u00e7\u00e3o de R$ 2,7 bilh\u00f5es somente neste ano. A recomposi\u00e7\u00e3o das al\u00edquotas passa a valer em 1\u00ba de julho. As contribui\u00e7\u00f5es foram zeradas por um decreto de 2004. Posteriormente, um decreto de 2005 fez ajustes, mas o benef\u00edcio continuou existindo. Segundo a Receita, o restabelecimento visa a evitar ren\u00fancia fiscal.<\/p>\n<p>\u201cPara evitar abrir m\u00e3o de importantes recursos para a seguridade social, sem que se vislumbre, hoje, motiva\u00e7\u00e3o plaus\u00edvel para tal ren\u00fancia e valendo-se da prerrogativa legal de restabelecer as al\u00edquotas (\u2026) o decreto (\u2026) estabeleceu o percentual de 4,65%, sendo 0,65% em rela\u00e7\u00e3o ao PIS\/Pasep e 4% em rela\u00e7\u00e3o \u00e0 Cofins\u201d, diz a nota. O comunicado destaca, ainda, que o restabelecimento foi parcial, pois o teto legal permite eleva\u00e7\u00e3o a 1,65% para o PIS\/Pasep e a 7,6% para a Cofins.<\/p>\n<p>Mariana Branco \u2013 Rep\u00f3rter da Ag\u00eancia Brasil<br \/>\nEdi\u00e7\u00e3o: N\u00e1dia Franco<\/p>\n","protected":false},"excerpt":{"rendered":"<p>O governo restabeleceu em 0,65% a al\u00edquota sobre a contribui\u00e7\u00e3o para o Programa de Integra\u00e7\u00e3o Social e o Programa de Forma\u00e7\u00e3o do Patrim\u00f4nio do Servidor P\u00fablico (PIS\/Pasep) e em 4% a al\u00edquota referente \u00e0 Contribui\u00e7\u00e3o para o Financiamento da Seguridade Social (Cofins). As al\u00edquotas, que estavam zeradas, incidem sobre a receita financeira auferida por empresas [&hellip;]<\/p>\n","protected":false},"author":2,"featured_media":40734,"comment_status":"open","ping_status":"closed","sticky":false,"template":"","format":"standard","meta":{"_genesis_hide_title":false,"_genesis_hide_breadcrumbs":false,"_genesis_hide_singular_image":false,"_genesis_hide_footer_widgets":false,"_genesis_custom_body_class":"","_genesis_custom_post_class":"","_genesis_layout":"","_jetpack_memberships_contains_paid_content":false,"footnotes":""},"categories":[22,7],"tags":[],"class_list":{"0":"post-68683","1":"post","2":"type-post","3":"status-publish","4":"format-standard","5":"has-post-thumbnail","7":"category-brasil","8":"category-economia","9":"entry","10":"gs-1","11":"gs-odd","12":"gs-even","13":"gs-featured-content-entry"},"jetpack_featured_media_url":"https:\/\/www.redenoticia.com.br\/noticia\/imagens\/economia-resultados.jpg","jetpack_sharing_enabled":true,"jetpack_likes_enabled":true,"_links":{"self":[{"href":"https:\/\/www.redenoticia.com.br\/noticia\/wp-json\/wp\/v2\/posts\/68683","targetHints":{"allow":["GET"]}}],"collection":[{"href":"https:\/\/www.redenoticia.com.br\/noticia\/wp-json\/wp\/v2\/posts"}],"about":[{"href":"https:\/\/www.redenoticia.com.br\/noticia\/wp-json\/wp\/v2\/types\/post"}],"author":[{"embeddable":true,"href":"https:\/\/www.redenoticia.com.br\/noticia\/wp-json\/wp\/v2\/users\/2"}],"replies":[{"embeddable":true,"href":"https:\/\/www.redenoticia.com.br\/noticia\/wp-json\/wp\/v2\/comments?post=68683"}],"version-history":[{"count":0,"href":"https:\/\/www.redenoticia.com.br\/noticia\/wp-json\/wp\/v2\/posts\/68683\/revisions"}],"wp:featuredmedia":[{"embeddable":true,"href":"https:\/\/www.redenoticia.com.br\/noticia\/wp-json\/wp\/v2\/media\/40734"}],"wp:attachment":[{"href":"https:\/\/www.redenoticia.com.br\/noticia\/wp-json\/wp\/v2\/media?parent=68683"}],"wp:term":[{"taxonomy":"category","embeddable":true,"href":"https:\/\/www.redenoticia.com.br\/noticia\/wp-json\/wp\/v2\/categories?post=68683"},{"taxonomy":"post_tag","embeddable":true,"href":"https:\/\/www.redenoticia.com.br\/noticia\/wp-json\/wp\/v2\/tags?post=68683"}],"curies":[{"name":"wp","href":"https:\/\/api.w.org\/{rel}","templated":true}]}}