{"id":68681,"date":"2015-04-02T14:15:33","date_gmt":"2015-04-02T17:15:33","guid":{"rendered":"http:\/\/www.redenoticia.com.br\/noticia\/?p=68681"},"modified":"2015-04-02T14:15:33","modified_gmt":"2015-04-02T17:15:33","slug":"ipc-fipe-na-cidade-de-sao-paulo-encerrou-o-mes-de-marco-com-alta-de-07","status":"publish","type":"post","link":"https:\/\/www.redenoticia.com.br\/noticia\/2015\/ipc-fipe-na-cidade-de-sao-paulo-encerrou-o-mes-de-marco-com-alta-de-07\/68681","title":{"rendered":"IPC Fipe na cidade de S\u00e3o Paulo encerrou o m\u00eas de mar\u00e7o com alta de 0,7%"},"content":{"rendered":"<p>O \u00cdndice de Pre\u00e7os ao Consumidor (<strong><em>IPC<\/em><\/strong>), medido pela Funda\u00e7\u00e3o Instituto de Pesquisas Econ\u00f4micas (Fipe) na cidade de S\u00e3o Paulo encerrou o m\u00eas de mar\u00e7o com alta de 0,7%, inferior \u00e0 varia\u00e7\u00e3o registrada em fevereiro \u00faltimo, quando a taxa havia atingido 1,22%.<\/p>\n<p>Dos sete grupos pesquisados, habita\u00e7\u00e3o, mais uma vez, foi o que mais pressionou o or\u00e7amento das fam\u00edlias com renda entre um e dez sal\u00e1rios m\u00ednimos. Apesar de ultrapassar a m\u00e9dia do IPC, ao atingir 1,21%, a varia\u00e7\u00e3o do grupo habita\u00e7\u00e3o ficou abaixo da apurada no m\u00eas passado, quando aumentou 1,82%.<\/p>\n<p>O segundo maior peso inflacion\u00e1rio foi o grupo alimenta\u00e7\u00e3o. A taxa, por\u00e9m, indicou decr\u00e9scimo, ao passar de 1%., em fevereiro, para 0,72% em mar\u00e7o. No grupo transportes, houve expressiva queda no ritmo de alta: passou de 2,39% para 0,22%. E, em educa\u00e7\u00e3o, a taxa voltou a perder for\u00e7a, caindo de 0,3% para 0,12%.<\/p>\n<p>J\u00e1 no grupo despesas pessoais, ocorreu movimento oposto, com alta de 0,35% sobre um aumento em fevereiro de 0,07%. Foi o que ocorreu tamb\u00e9m no grupo sa\u00fade, com avan\u00e7o de 0,52% sobre o aumento de 0,22%,no m\u00eas anterior. Tamb\u00e9m cresceu a intensidade de alta no grupo vestu\u00e1rio, com a revers\u00e3o da queda de 0,45%, registrada em fevereiro, para uma alta de 0,59%.<\/p>\n<p>Marli Moreira &#8211; Rep\u00f3rter da Ag\u00eancia Brasil<br \/>\nEdi\u00e7\u00e3o: Jos\u00e9 Romildo<\/p>\n","protected":false},"excerpt":{"rendered":"<p>O \u00cdndice de Pre\u00e7os ao Consumidor (IPC), medido pela Funda\u00e7\u00e3o Instituto de Pesquisas Econ\u00f4micas (Fipe) na cidade de S\u00e3o Paulo encerrou o m\u00eas de mar\u00e7o com alta de 0,7%, inferior \u00e0 varia\u00e7\u00e3o registrada em fevereiro \u00faltimo, quando a taxa havia atingido 1,22%. Dos sete grupos pesquisados, habita\u00e7\u00e3o, mais uma vez, foi o que mais pressionou [&hellip;]<\/p>\n","protected":false},"author":2,"featured_media":34916,"comment_status":"open","ping_status":"closed","sticky":false,"template":"","format":"standard","meta":{"_genesis_hide_title":false,"_genesis_hide_breadcrumbs":false,"_genesis_hide_singular_image":false,"_genesis_hide_footer_widgets":false,"_genesis_custom_body_class":"","_genesis_custom_post_class":"","_genesis_layout":"","_jetpack_memberships_contains_paid_content":false,"footnotes":""},"categories":[22,7],"tags":[],"class_list":{"0":"post-68681","1":"post","2":"type-post","3":"status-publish","4":"format-standard","5":"has-post-thumbnail","7":"category-brasil","8":"category-economia","9":"entry","10":"gs-1","11":"gs-odd","12":"gs-even","13":"gs-featured-content-entry"},"jetpack_featured_media_url":"https:\/\/www.redenoticia.com.br\/noticia\/imagens\/inflacao.jpg","jetpack_sharing_enabled":true,"jetpack_likes_enabled":true,"_links":{"self":[{"href":"https:\/\/www.redenoticia.com.br\/noticia\/wp-json\/wp\/v2\/posts\/68681","targetHints":{"allow":["GET"]}}],"collection":[{"href":"https:\/\/www.redenoticia.com.br\/noticia\/wp-json\/wp\/v2\/posts"}],"about":[{"href":"https:\/\/www.redenoticia.com.br\/noticia\/wp-json\/wp\/v2\/types\/post"}],"author":[{"embeddable":true,"href":"https:\/\/www.redenoticia.com.br\/noticia\/wp-json\/wp\/v2\/users\/2"}],"replies":[{"embeddable":true,"href":"https:\/\/www.redenoticia.com.br\/noticia\/wp-json\/wp\/v2\/comments?post=68681"}],"version-history":[{"count":0,"href":"https:\/\/www.redenoticia.com.br\/noticia\/wp-json\/wp\/v2\/posts\/68681\/revisions"}],"wp:featuredmedia":[{"embeddable":true,"href":"https:\/\/www.redenoticia.com.br\/noticia\/wp-json\/wp\/v2\/media\/34916"}],"wp:attachment":[{"href":"https:\/\/www.redenoticia.com.br\/noticia\/wp-json\/wp\/v2\/media?parent=68681"}],"wp:term":[{"taxonomy":"category","embeddable":true,"href":"https:\/\/www.redenoticia.com.br\/noticia\/wp-json\/wp\/v2\/categories?post=68681"},{"taxonomy":"post_tag","embeddable":true,"href":"https:\/\/www.redenoticia.com.br\/noticia\/wp-json\/wp\/v2\/tags?post=68681"}],"curies":[{"name":"wp","href":"https:\/\/api.w.org\/{rel}","templated":true}]}}