{"id":68638,"date":"2015-04-01T14:41:14","date_gmt":"2015-04-01T17:41:14","guid":{"rendered":"http:\/\/www.redenoticia.com.br\/noticia\/?p=68638"},"modified":"2015-04-01T14:41:14","modified_gmt":"2015-04-01T17:41:14","slug":"producao-industrial-cai-09-em-fevereiro-diz-ibge","status":"publish","type":"post","link":"https:\/\/www.redenoticia.com.br\/noticia\/2015\/producao-industrial-cai-09-em-fevereiro-diz-ibge\/68638","title":{"rendered":"Produ\u00e7\u00e3o industrial cai 0,9% em fevereiro, diz IBGE"},"content":{"rendered":"<p> A <strong><em>produ\u00e7\u00e3o industrial<\/em><\/strong> caiu 0,9% em fevereiro na compara\u00e7\u00e3o com janeiro, informou o Instituto Brasileiro de Geografia e Estat\u00edstica (IBGE). Em janeiro houve aumento de 0,3%, interrompendo dois meses de taxas negativas: -1,2% em novembro e -1,6% em dezembro.<\/p>\n<p>Na compara\u00e7\u00e3o com fevereiro do ano passado, a produ\u00e7\u00e3o da ind\u00fastria nacional recuou 9,1%, d\u00e9cima segunda taxa negativa consecutiva e a mais intensa nessa compara\u00e7\u00e3o desde julho de 2009 (-10%). No ano, a ind\u00fastria acumulou queda de 7,1%. O acumulado nos \u00faltimos doze meses (-4,5%) manteve a trajet\u00f3ria descendente iniciada em mar\u00e7o de 2014 (2%), resultado negativo mais intenso desde janeiro de 2010 (-4,8%).<\/p>\n<p>Ainda segundo o IBGE, os recuos de fevereiro foram registradas nas quatro grandes categorias econ\u00f4micas, com destaque para bens de capital (-4,1%), principalmente devido \u00e0 menor produ\u00e7\u00e3o de caminh\u00f5es, ainda afetada pelas f\u00e9rias coletivas em v\u00e1rias unidades. O resultado eliminou parte do avan\u00e7o de 8,2% assinalado em janeiro.<\/p>\n<p>Houve queda de produ\u00e7\u00e3o tamb\u00e9m nos 11 dos 24 ramos pesquisados. As principais influ\u00eancias negativas vieram de ve\u00edculos automotores, reboques e carrocerias (-1,7%), produtos do fumo (-24%) e equipamentos de inform\u00e1tica, produtos eletr\u00f4nicos e \u00f3pticos (-4,2%).<\/p>\n<p>A m\u00e9dia m\u00f3vel trimestral da ind\u00fastria recuou 0,8% no trimestre encerrado em fevereiro de 2015, comparada ao n\u00edvel do m\u00eas anterior, ap\u00f3s quedas em novembro (-0,5%), dezembro (-0,9%) e janeiro (-0,9%).<\/p>\n<p>Fl\u00e1via Villela &#8211; Rep\u00f3rter da Ag\u00eancia Brasil<br \/>\nEdi\u00e7\u00e3o: Denise Griesinger<\/p>\n","protected":false},"excerpt":{"rendered":"<p>A produ\u00e7\u00e3o industrial caiu 0,9% em fevereiro na compara\u00e7\u00e3o com janeiro, informou o Instituto Brasileiro de Geografia e Estat\u00edstica (IBGE). Em janeiro houve aumento de 0,3%, interrompendo dois meses de taxas negativas: -1,2% em novembro e -1,6% em dezembro. Na compara\u00e7\u00e3o com fevereiro do ano passado, a produ\u00e7\u00e3o da ind\u00fastria nacional recuou 9,1%, d\u00e9cima segunda [&hellip;]<\/p>\n","protected":false},"author":2,"featured_media":40734,"comment_status":"open","ping_status":"closed","sticky":false,"template":"","format":"standard","meta":{"_genesis_hide_title":false,"_genesis_hide_breadcrumbs":false,"_genesis_hide_singular_image":false,"_genesis_hide_footer_widgets":false,"_genesis_custom_body_class":"","_genesis_custom_post_class":"","_genesis_layout":"","_jetpack_memberships_contains_paid_content":false,"footnotes":""},"categories":[22,7],"tags":[],"class_list":{"0":"post-68638","1":"post","2":"type-post","3":"status-publish","4":"format-standard","5":"has-post-thumbnail","7":"category-brasil","8":"category-economia","9":"entry","10":"gs-1","11":"gs-odd","12":"gs-even","13":"gs-featured-content-entry"},"jetpack_featured_media_url":"https:\/\/www.redenoticia.com.br\/noticia\/imagens\/economia-resultados.jpg","jetpack_sharing_enabled":true,"jetpack_likes_enabled":true,"_links":{"self":[{"href":"https:\/\/www.redenoticia.com.br\/noticia\/wp-json\/wp\/v2\/posts\/68638","targetHints":{"allow":["GET"]}}],"collection":[{"href":"https:\/\/www.redenoticia.com.br\/noticia\/wp-json\/wp\/v2\/posts"}],"about":[{"href":"https:\/\/www.redenoticia.com.br\/noticia\/wp-json\/wp\/v2\/types\/post"}],"author":[{"embeddable":true,"href":"https:\/\/www.redenoticia.com.br\/noticia\/wp-json\/wp\/v2\/users\/2"}],"replies":[{"embeddable":true,"href":"https:\/\/www.redenoticia.com.br\/noticia\/wp-json\/wp\/v2\/comments?post=68638"}],"version-history":[{"count":0,"href":"https:\/\/www.redenoticia.com.br\/noticia\/wp-json\/wp\/v2\/posts\/68638\/revisions"}],"wp:featuredmedia":[{"embeddable":true,"href":"https:\/\/www.redenoticia.com.br\/noticia\/wp-json\/wp\/v2\/media\/40734"}],"wp:attachment":[{"href":"https:\/\/www.redenoticia.com.br\/noticia\/wp-json\/wp\/v2\/media?parent=68638"}],"wp:term":[{"taxonomy":"category","embeddable":true,"href":"https:\/\/www.redenoticia.com.br\/noticia\/wp-json\/wp\/v2\/categories?post=68638"},{"taxonomy":"post_tag","embeddable":true,"href":"https:\/\/www.redenoticia.com.br\/noticia\/wp-json\/wp\/v2\/tags?post=68638"}],"curies":[{"name":"wp","href":"https:\/\/api.w.org\/{rel}","templated":true}]}}