{"id":68636,"date":"2015-04-01T14:38:26","date_gmt":"2015-04-01T17:38:26","guid":{"rendered":"http:\/\/www.redenoticia.com.br\/noticia\/?p=68636"},"modified":"2015-04-01T14:38:26","modified_gmt":"2015-04-01T17:38:26","slug":"area-economica-puxa-a-desaprovacao-do-governo-diz-cni","status":"publish","type":"post","link":"https:\/\/www.redenoticia.com.br\/noticia\/2015\/area-economica-puxa-a-desaprovacao-do-governo-diz-cni\/68636","title":{"rendered":"\u00c1rea econ\u00f4mica puxa a desaprova\u00e7\u00e3o do governo, diz CNI"},"content":{"rendered":"<p> A \u00e1rea econ\u00f4mica teve o pior n\u00edvel de aprova\u00e7\u00e3o pela popula\u00e7\u00e3o, segundo <strong><em>pesquisa<\/em><\/strong> da Confedera\u00e7\u00e3o Nacional da Ind\u00fastria (CNI)\/Ibope. O levantamento mostra que 90% desaprovam os impostos e 89% a taxa de juros. O percentual que aprova as \u00e1reas de atua\u00e7\u00e3o chega a 7% em ambos. Os demais n\u00e3o sabem ou n\u00e3o responderam.<\/p>\n<p>O combate \u00e0 infla\u00e7\u00e3o aparece na quarta posi\u00e7\u00e3o do item desaprova\u00e7\u00e3o (84%), seguido da sa\u00fade (85%). &#8220;As medidas de ajuste fiscal e o aumento de juros geraram maior insatisfa\u00e7\u00e3o. As quest\u00f5es econ\u00f4micas passam a ser as mais criticadas do governo. Claramente, o que a gente percebe \u00e9 a insatisfa\u00e7\u00e3o da popula\u00e7\u00e3o com a situa\u00e7\u00e3o econ\u00f4mica atual&#8221;, avaliou o gerente executivo de Pesquisa e Competitividade da CNI, Renato da Fonseca.<\/p>\n<p>A \u00e1rea econ\u00f4mica ganhou maior destaque em rela\u00e7\u00e3o \u00e0s de sa\u00fade e seguran\u00e7a p\u00fablica, que, historicamente, registram as piores avalia\u00e7\u00f5es. Segundo Fonseca, as varia\u00e7\u00f5es econ\u00f4micas, boas ou ruins, s\u00e3o creditadas ao governo. &#8220;No caso, estamos atravessando um per\u00edodo de ajustes, que reflete na avalia\u00e7\u00e3o do governo.&#8221;<\/p>\n<p>A pesquisa foi realizada entre os dias 21 e 25 de mar\u00e7o, envolvendo 2.002 entrevistados maiores de 16 anos em 142 munic\u00edpios. A margem de erro \u00e9 de 2 pontos percentuais para mais ou para menos e o grau de confian\u00e7a \u00e9 95%.<\/p>\n<p> De acordo com a pesquisa, Dilma registrou a pior popularidade desde seu primeiro mandato. Tamb\u00e9m teve a pior avalia\u00e7\u00e3o em rela\u00e7\u00e3o aos primeiros meses de governos anteriores desde 1995. <\/p>\n<p>Para Fonseca, a avalia\u00e7\u00e3o pode melhorar. Ele compara a situa\u00e7\u00e3o \u00e0s manifesta\u00e7\u00f5es de junho de 2013. Acrescentou que as opini\u00f5es podem estar &#8220;inflacionadas&#8221; pelas recentes manifesta\u00e7\u00f5es contra o governo e den\u00fancias de corrup\u00e7\u00e3o.<\/p>\n<p>&#8220;Ela caiu muito. Acho dif\u00edcil uma queda maior que esta. [As opini\u00f5es] podem estar inflacionadas, como ocorreu em junho de 2013. Fizemos uma pesquisa em junho, outra em julho e em setembro. Houve recupera\u00e7\u00e3o em setembro. N\u00e3o me surpreender\u00e1 se em junho houver um aumento em rela\u00e7\u00e3o a mar\u00e7o&#8221;, esclareceu o gerente.<\/p>\n<p>A pesquisa indica que, ap\u00f3s impostos e taxa de juro, a sa\u00fade est\u00e1 em terceiro lugar no item desaprova\u00e7\u00e3o, com 85%. Os dados revelam que 13% que aprovam o setor e 2% n\u00e3o sabem ou n\u00e3o responderam. Em rela\u00e7\u00e3o ao combate \u00e0 infla\u00e7\u00e3o, 84% desaprovam; 13% aprovam; e 3% n\u00e3o sabem ou n\u00e3o responderam. Em seguran\u00e7a p\u00fablica, 81% desaprovam; 16% aprovam; e 3% n\u00e3o sabem ou n\u00e3o responderam.<\/p>\n<p>Nas demais \u00e1reas, os percentuais de desaprova\u00e7\u00e3o, aprova\u00e7\u00e3o e n\u00e3o sabem ou n\u00e3o responderam alcan\u00e7am, respectivamente, 79%, 19% e 2% (combate ao desemprego); 73%, 25% e 2% (educa\u00e7\u00e3o); e 66%, 25% e 9% (meio ambiente). O combate \u00e0 fome e \u00e0 pobreza teve a maior aprova\u00e7\u00e3o (33%), antea 64% de desaprova\u00e7\u00e3o. <\/p>\n<p>Mariana Tokarnia &#8211; Rep\u00f3rter da Ag\u00eancia Brasil<br \/>\nEdi\u00e7\u00e3o: Armando Cardoso<\/p>\n","protected":false},"excerpt":{"rendered":"<p>A \u00e1rea econ\u00f4mica teve o pior n\u00edvel de aprova\u00e7\u00e3o pela popula\u00e7\u00e3o, segundo pesquisa da Confedera\u00e7\u00e3o Nacional da Ind\u00fastria (CNI)\/Ibope. O levantamento mostra que 90% desaprovam os impostos e 89% a taxa de juros. O percentual que aprova as \u00e1reas de atua\u00e7\u00e3o chega a 7% em ambos. Os demais n\u00e3o sabem ou n\u00e3o responderam. O combate [&hellip;]<\/p>\n","protected":false},"author":2,"featured_media":57583,"comment_status":"open","ping_status":"closed","sticky":false,"template":"","format":"standard","meta":{"_genesis_hide_title":false,"_genesis_hide_breadcrumbs":false,"_genesis_hide_singular_image":false,"_genesis_hide_footer_widgets":false,"_genesis_custom_body_class":"","_genesis_custom_post_class":"","_genesis_layout":"","_jetpack_memberships_contains_paid_content":false,"footnotes":""},"categories":[22,7],"tags":[],"class_list":{"0":"post-68636","1":"post","2":"type-post","3":"status-publish","4":"format-standard","5":"has-post-thumbnail","7":"category-brasil","8":"category-economia","9":"entry","10":"gs-1","11":"gs-odd","12":"gs-even","13":"gs-featured-content-entry"},"jetpack_featured_media_url":"https:\/\/www.redenoticia.com.br\/noticia\/imagens\/economia-grafico.jpg","jetpack_sharing_enabled":true,"jetpack_likes_enabled":true,"_links":{"self":[{"href":"https:\/\/www.redenoticia.com.br\/noticia\/wp-json\/wp\/v2\/posts\/68636","targetHints":{"allow":["GET"]}}],"collection":[{"href":"https:\/\/www.redenoticia.com.br\/noticia\/wp-json\/wp\/v2\/posts"}],"about":[{"href":"https:\/\/www.redenoticia.com.br\/noticia\/wp-json\/wp\/v2\/types\/post"}],"author":[{"embeddable":true,"href":"https:\/\/www.redenoticia.com.br\/noticia\/wp-json\/wp\/v2\/users\/2"}],"replies":[{"embeddable":true,"href":"https:\/\/www.redenoticia.com.br\/noticia\/wp-json\/wp\/v2\/comments?post=68636"}],"version-history":[{"count":0,"href":"https:\/\/www.redenoticia.com.br\/noticia\/wp-json\/wp\/v2\/posts\/68636\/revisions"}],"wp:featuredmedia":[{"embeddable":true,"href":"https:\/\/www.redenoticia.com.br\/noticia\/wp-json\/wp\/v2\/media\/57583"}],"wp:attachment":[{"href":"https:\/\/www.redenoticia.com.br\/noticia\/wp-json\/wp\/v2\/media?parent=68636"}],"wp:term":[{"taxonomy":"category","embeddable":true,"href":"https:\/\/www.redenoticia.com.br\/noticia\/wp-json\/wp\/v2\/categories?post=68636"},{"taxonomy":"post_tag","embeddable":true,"href":"https:\/\/www.redenoticia.com.br\/noticia\/wp-json\/wp\/v2\/tags?post=68636"}],"curies":[{"name":"wp","href":"https:\/\/api.w.org\/{rel}","templated":true}]}}