{"id":68634,"date":"2015-04-01T14:35:42","date_gmt":"2015-04-01T17:35:42","guid":{"rendered":"http:\/\/www.redenoticia.com.br\/noticia\/?p=68634"},"modified":"2015-04-01T14:35:42","modified_gmt":"2015-04-01T17:35:42","slug":"pesquisa-da-cniibope-mostra-que-aprovacao-ao-governo-dilma-caiu-para-12","status":"publish","type":"post","link":"https:\/\/www.redenoticia.com.br\/noticia\/2015\/pesquisa-da-cniibope-mostra-que-aprovacao-ao-governo-dilma-caiu-para-12\/68634","title":{"rendered":"Pesquisa da CNI\/Ibope mostra que aprova\u00e7\u00e3o ao governo Dilma caiu para 12%"},"content":{"rendered":"<p> <strong><em>Pesquisa<\/em><\/strong> encomendada ao Ibope pela Confedera\u00e7\u00e3o Nacional da Ind\u00fastria (CNI) indica que o percentual de pessoas que avaliam o governo da presidenta Dilma Rousseff como \u00f3timo ou bom caiu 28 pontos pencentuais, passando de 40% em dezembro de 2014 para 12% em mar\u00e7o deste ano.<\/p>\n<p> De acordo com os dados, o percentual daqueles que avaliam o governo como ruim ou p\u00e9ssimo subiu de 27% para 64%, uma diferen\u00e7a de 37 pontos percentuais.<\/p>\n<p>A pesquisa foi feita entre os dias 21 e 25 de mar\u00e7o, com 2.002 entrevistados maiores de 16 anos em 142 munic\u00edpios. A margem de erro \u00e9 de 2 pontos percentuais para mais ou para menos. O grau de confian\u00e7a \u00e9 95%.<\/p>\n<p>Em compara\u00e7\u00e3o a outros governos, o de Dilma registra, no in\u00edcio do primeiro mandato, a menor porcentagem (12%) de pessoas que avaliam a administra\u00e7\u00e3o como \u00f3tima ou boa desde 1995. Em 2011, ela registrou 56%. A aprova\u00e7\u00e3o da gest\u00e3o de Luiz In\u00e1cio Lula da Silva alcan\u00e7ou 49% em 2007 e 51% em 2003. O governo Fernando Henrique Cardoso obteve 22% em 1999 e 41% em 1995.<\/p>\n<p> Tamb\u00e9m foi o menor percentual (19%) de aprova\u00e7\u00e3o da maneira de governar. Em 2011, Dilma registrou 73%. Lula teve 65% em 2007 e 75% em 2003. Fernando Henrique atingiu 35% em 1999 e 63% em 1995.<\/p>\n<p>Em mar\u00e7o, o percentual de pessoas que avaliaram o governo como regular chegou a 23%. Em dezembro, foi a 32%. Tanto em dezembro quanto em mar\u00e7o, 1% n\u00e3o sabiam ou n\u00e3o responderam \u00e0 pesquisa.<\/p>\n<p>A pesquisa mostra que 78% desaprovam a maneira de governar de Dilma, enquanto 19% aprovam. A avalia\u00e7\u00e3o negativa subiu 37 pontos percentuais em rela\u00e7\u00e3o ao levantamento anterior, enquanto a positiva caiu 33. Os dados indicam que 4% n\u00e3o sabem ou n\u00e3o responderam. O percentual dos que desaprovam o governo \u00e9 o maior desde o in\u00edcio de 2011. Em mar\u00e7o daquele ano,  73% aprovavam o governo da presidenta.<\/p>\n<p>Para 76% dos entrevistados, o segundo governo Dilma \u00e9 pior que o primeiro. Para 18%, est\u00e1 igual e para 4%, melhor. Entre os entrevistados, 1% n\u00e3o sabe ou n\u00e3o respondeu.<\/p>\n<p>A confian\u00e7a tamb\u00e9m caiu em rela\u00e7\u00e3o \u00e0 pesquisa anterior. De dezembro para mar\u00e7o, o percentual dos que confiam no governo passou de 51% para 24%. No mesmo per\u00edodo, os que n\u00e3o confiam subiu de 44% para 74%. Segundo o Ibope, 3% n\u00e3o souberam ou n\u00e3o responderam.<\/p>\n<p>O levantamento revela ainda que 14% acreditam que o restante do governo ser\u00e1 \u00f3timo ou bom; 25%, que ser\u00e1 regular; 55%, que ser\u00e1 ruim ou p\u00e9ssimo; e 5% n\u00e3o responderam ou n\u00e3o sabem.<\/p>\n<p>Entre as not\u00edcias mais lembradas pela popula\u00e7\u00e3o est\u00e3o a Opera\u00e7\u00e3o Lava Jato (28%); as manifesta\u00e7\u00f5es favor\u00e9vais ao impeachment da presidenta (18%); protestos pelo Brasil (11%); e corrup\u00e7\u00e3o (9%).<\/p>\n<p>Mariana Tokarnia &#8211; Rep\u00f3rter da Ag\u00eancia Brasil<br \/>\nEdi\u00e7\u00e3o: Armando Cardoso<\/p>\n","protected":false},"excerpt":{"rendered":"<p>Pesquisa encomendada ao Ibope pela Confedera\u00e7\u00e3o Nacional da Ind\u00fastria (CNI) indica que o percentual de pessoas que avaliam o governo da presidenta Dilma Rousseff como \u00f3timo ou bom caiu 28 pontos pencentuais, passando de 40% em dezembro de 2014 para 12% em mar\u00e7o deste ano. De acordo com os dados, o percentual daqueles que avaliam [&hellip;]<\/p>\n","protected":false},"author":2,"featured_media":34796,"comment_status":"open","ping_status":"closed","sticky":false,"template":"","format":"standard","meta":{"_genesis_hide_title":false,"_genesis_hide_breadcrumbs":false,"_genesis_hide_singular_image":false,"_genesis_hide_footer_widgets":false,"_genesis_custom_body_class":"","_genesis_custom_post_class":"","_genesis_layout":"","_jetpack_memberships_contains_paid_content":false,"footnotes":""},"categories":[22],"tags":[],"class_list":{"0":"post-68634","1":"post","2":"type-post","3":"status-publish","4":"format-standard","5":"has-post-thumbnail","7":"category-brasil","8":"entry","9":"gs-1","10":"gs-odd","11":"gs-even","12":"gs-featured-content-entry"},"jetpack_featured_media_url":"https:\/\/www.redenoticia.com.br\/noticia\/imagens\/dilma-foto-wilson-dias-abr.jpg","jetpack_sharing_enabled":true,"jetpack_likes_enabled":true,"_links":{"self":[{"href":"https:\/\/www.redenoticia.com.br\/noticia\/wp-json\/wp\/v2\/posts\/68634","targetHints":{"allow":["GET"]}}],"collection":[{"href":"https:\/\/www.redenoticia.com.br\/noticia\/wp-json\/wp\/v2\/posts"}],"about":[{"href":"https:\/\/www.redenoticia.com.br\/noticia\/wp-json\/wp\/v2\/types\/post"}],"author":[{"embeddable":true,"href":"https:\/\/www.redenoticia.com.br\/noticia\/wp-json\/wp\/v2\/users\/2"}],"replies":[{"embeddable":true,"href":"https:\/\/www.redenoticia.com.br\/noticia\/wp-json\/wp\/v2\/comments?post=68634"}],"version-history":[{"count":0,"href":"https:\/\/www.redenoticia.com.br\/noticia\/wp-json\/wp\/v2\/posts\/68634\/revisions"}],"wp:featuredmedia":[{"embeddable":true,"href":"https:\/\/www.redenoticia.com.br\/noticia\/wp-json\/wp\/v2\/media\/34796"}],"wp:attachment":[{"href":"https:\/\/www.redenoticia.com.br\/noticia\/wp-json\/wp\/v2\/media?parent=68634"}],"wp:term":[{"taxonomy":"category","embeddable":true,"href":"https:\/\/www.redenoticia.com.br\/noticia\/wp-json\/wp\/v2\/categories?post=68634"},{"taxonomy":"post_tag","embeddable":true,"href":"https:\/\/www.redenoticia.com.br\/noticia\/wp-json\/wp\/v2\/tags?post=68634"}],"curies":[{"name":"wp","href":"https:\/\/api.w.org\/{rel}","templated":true}]}}