{"id":68630,"date":"2015-04-01T14:26:47","date_gmt":"2015-04-01T17:26:47","guid":{"rendered":"http:\/\/www.redenoticia.com.br\/noticia\/?p=68630"},"modified":"2015-04-01T14:26:47","modified_gmt":"2015-04-01T17:26:47","slug":"estradas-sp-veja-os-melhores-horarios-para-viajar-nesta-pascoa","status":"publish","type":"post","link":"https:\/\/www.redenoticia.com.br\/noticia\/2015\/estradas-sp-veja-os-melhores-horarios-para-viajar-nesta-pascoa\/68630","title":{"rendered":"Estradas SP: veja os melhores hor\u00e1rios para viajar nesta P\u00e1scoa"},"content":{"rendered":"<p>Antes de cair na estrada rumo ao litoral ou interior neste feriado prolongado de P\u00e1scoa, veja o movimentos nas principais <strong><em>rodovias<\/em><\/strong> estaduais paulistas e viaje em hor\u00e1rios que garantam mais tranquilidade.<\/p>\n<p>SISTEMA ANCHIETA-IMIGRANTES<\/p>\n<p>A previs\u00e3o da Ecovias, concession\u00e1ria que administra o Sistema Anchieta-Imigrantes, \u00e9 que entre\u00a0250 e 340 mil ve\u00edculos des\u00e7am a serra em dire\u00e7\u00e3o ao litoral paulista. A contagem dos carros iniciou \u00e0 0h desta quarta, 1, e encerra \u00e0 meia-noite do domingo, 5.<\/p>\n<p>A implanta\u00e7\u00e3o da Opera\u00e7\u00e3o Descida (7\u00d73) est\u00e1 prevista para as 15h desta quinta, 2. Os ve\u00edculos com destino ao litoral podem utilizar as duas pistas da via Anchieta e a pista sul da Rodovia dos Imigrantes. A subida \u00e9 feita somente pela pista norte da Imigrantes. A previs\u00e3o \u00e9 que a opera\u00e7\u00e3o de tr\u00e1fego fique em vigor at\u00e9 as 2h da sexta, 3, e volte a ser implantada entre \u00e0s 7h e 13h do mesmo dia.<\/p>\n<p>Volta<\/p>\n<p>A partir das 10h do domingo, 5, a expectativa \u00e9 que o volume de tr\u00e1fego comece a se intensificar no sentido S\u00e3o Paulo, hor\u00e1rio para o qual a Ecovias programou a implanta\u00e7\u00e3o da Opera\u00e7\u00e3o Subida (2\u00d78), com previs\u00e3o de t\u00e9rmino \u00e0s 23h. Neste esquema, as duas pistas da Imigrantes e a pista norte da Anchieta ser\u00e3o destinadas aos ve\u00edculos que retornam a S\u00e3o Paulo, enquanto a pista sul da Anchieta ficar\u00e1 \u00e0 disposi\u00e7\u00e3o dos motoristas com destino ao litoral.<\/p>\n<p>Mais informa\u00e7\u00f5es no\u00a0.<\/p>\n<p>SISTEMA ANHANGUERA-BANDEIRANTES<\/p>\n<p>A CCR AutoBAn espera a circula\u00e7\u00e3o de aproximadamente 720 mil ve\u00edculos, entre sa\u00edda e chegada \u00e0 capital, no per\u00edodo de quatro dias (de quinta-feira a domingo).<\/p>\n<p>Hor\u00e1rios de pico<\/p>\n<p>Os hor\u00e1rios de maior movimento na sa\u00edda do feriado devem acontecer na quinta-feira, 2, das 15h \u00e0s 20h, e na sexta-feira, 3, das 9h \u00e0s 13h.<\/p>\n<p>Volta<\/p>\n<p>Para o retorno do feriado, os hor\u00e1rios de pico previstos acontecem no domingo, das 13h \u00e0s 22h.<\/p>\n<p>Opera\u00e7\u00e3o Caminh\u00e3o<\/p>\n<p>Na sexta-feira, 3, e no domingo, 5, \u00a0das 14h \u00e0s 22h, os caminh\u00f5es que se destinam \u00e0 capital pela Rodovia dos Bandeirantes devem utilizar a Via Anhanguera no trecho do km 48 ao km 23, entre Jundia\u00ed e S\u00e3o Paulo.<\/p>\n<p>As informa\u00e7\u00f5es s\u00e3o da\u00a0.<\/p>\n<p>AYRTON SENNA\/ CARVALHO PINTO<\/p>\n<p>S\u00e3o esperados que entre 870 e 910 mil ve\u00edculos passem\u00a0pelas quatro pra\u00e7as de ped\u00e1gio nos dois sentidos do\u00a0corredor Ayrton Senna\/Carvalho Pinto ao longo do feriado de P\u00e1scoa. Considerando o movimento estimado na pra\u00e7a de ped\u00e1gio de Itaquaquecetuba, no sentido interior da rodovia Ayrton Senna, a expectativa \u00e9 de que entre 190 e 214 mil ve\u00edculos deixem a capital.<\/p>\n<p>Hor\u00e1rios de pico<\/p>\n<p>Na sa\u00edda dos motoristas, a previs\u00e3o \u00e9 de que o fluxo de ve\u00edculos seja mais intenso das 15h \u00e0s 17h desta quinta, 2, e entre 10h e 12h de sexta, 3.<\/p>\n<p>Volta<\/p>\n<p>No retorno a S\u00e3o Paulo, a Ecopistas espera maior fluxo de ve\u00edculos entre 15h e 17h de domingo, 5.<\/p>\n<p>Mais informa\u00e7\u00f5es no .<\/p>\n<p>SISTEMA CASTELLO BRANCO-RAPOSO TAVARES<\/p>\n<p>Cerca de 524 mil ve\u00edculos devem circular pelos dois sentidos do Sistema Castello-Raposo. A &#8220;Opera\u00e7\u00e3o P\u00e1scoa&#8221; ter\u00e1 in\u00edcio\u00a0\u00e0 0h desta quinta, 2, e se estender\u00e1 at\u00e9 as 24h do domingo, 5.\u00a0As equipes de atendimento da concession\u00e1ria estar\u00e3o em plena atividade com seu contingente refor\u00e7ado para atender a demanda adicional de ve\u00edculos.<\/p>\n<p>No domingo, o tr\u00e1fego de caminh\u00f5es estar\u00e1 proibido na rodovia Castello Branco, segundo portaria SUP\/DER-084-22\/12\/2010.<\/p>\n<p>Hor\u00e1rios de pico<\/p>\n<p>Quinta-feira, 2 \u2013 15h \u00e0s 23h (sentido interior)<\/p>\n<p>Sexta-feira, 3 \u2013 6h \u00e0s 12h (sentido interior)<\/p>\n<p>Volta<\/p>\n<p>Domingo, 5 \u2013 10h \u00e0s 21h (sentido capital)<\/p>\n<p>As informa\u00e7\u00f5es s\u00e3o da .<\/p>\n<p>Do Portal do Governo do Estado<\/p>\n","protected":false},"excerpt":{"rendered":"<p>Antes de cair na estrada rumo ao litoral ou interior neste feriado prolongado de P\u00e1scoa, veja o movimentos nas principais rodovias estaduais paulistas e viaje em hor\u00e1rios que garantam mais tranquilidade. SISTEMA ANCHIETA-IMIGRANTES A previs\u00e3o da Ecovias, concession\u00e1ria que administra o Sistema Anchieta-Imigrantes, \u00e9 que entre\u00a0250 e 340 mil ve\u00edculos des\u00e7am a serra em dire\u00e7\u00e3o [&hellip;]<\/p>\n","protected":false},"author":2,"featured_media":35207,"comment_status":"open","ping_status":"closed","sticky":false,"template":"","format":"standard","meta":{"_genesis_hide_title":false,"_genesis_hide_breadcrumbs":false,"_genesis_hide_singular_image":false,"_genesis_hide_footer_widgets":false,"_genesis_custom_body_class":"","_genesis_custom_post_class":"","_genesis_layout":"","_jetpack_memberships_contains_paid_content":false,"footnotes":""},"categories":[22],"tags":[],"class_list":{"0":"post-68630","1":"post","2":"type-post","3":"status-publish","4":"format-standard","5":"has-post-thumbnail","7":"category-brasil","8":"entry","9":"gs-1","10":"gs-odd","11":"gs-even","12":"gs-featured-content-entry"},"jetpack_featured_media_url":"https:\/\/www.redenoticia.com.br\/noticia\/imagens\/transito-estradas.jpg","jetpack_sharing_enabled":true,"jetpack_likes_enabled":true,"_links":{"self":[{"href":"https:\/\/www.redenoticia.com.br\/noticia\/wp-json\/wp\/v2\/posts\/68630","targetHints":{"allow":["GET"]}}],"collection":[{"href":"https:\/\/www.redenoticia.com.br\/noticia\/wp-json\/wp\/v2\/posts"}],"about":[{"href":"https:\/\/www.redenoticia.com.br\/noticia\/wp-json\/wp\/v2\/types\/post"}],"author":[{"embeddable":true,"href":"https:\/\/www.redenoticia.com.br\/noticia\/wp-json\/wp\/v2\/users\/2"}],"replies":[{"embeddable":true,"href":"https:\/\/www.redenoticia.com.br\/noticia\/wp-json\/wp\/v2\/comments?post=68630"}],"version-history":[{"count":0,"href":"https:\/\/www.redenoticia.com.br\/noticia\/wp-json\/wp\/v2\/posts\/68630\/revisions"}],"wp:featuredmedia":[{"embeddable":true,"href":"https:\/\/www.redenoticia.com.br\/noticia\/wp-json\/wp\/v2\/media\/35207"}],"wp:attachment":[{"href":"https:\/\/www.redenoticia.com.br\/noticia\/wp-json\/wp\/v2\/media?parent=68630"}],"wp:term":[{"taxonomy":"category","embeddable":true,"href":"https:\/\/www.redenoticia.com.br\/noticia\/wp-json\/wp\/v2\/categories?post=68630"},{"taxonomy":"post_tag","embeddable":true,"href":"https:\/\/www.redenoticia.com.br\/noticia\/wp-json\/wp\/v2\/tags?post=68630"}],"curies":[{"name":"wp","href":"https:\/\/api.w.org\/{rel}","templated":true}]}}