{"id":68580,"date":"2015-03-31T15:46:17","date_gmt":"2015-03-31T18:46:17","guid":{"rendered":"http:\/\/www.redenoticia.com.br\/noticia\/?p=68580"},"modified":"2015-03-31T15:46:17","modified_gmt":"2015-03-31T18:46:17","slug":"setor-publico-tem-deficit-de-r-23-bilhoes-em-fevereiro","status":"publish","type":"post","link":"https:\/\/www.redenoticia.com.br\/noticia\/2015\/setor-publico-tem-deficit-de-r-23-bilhoes-em-fevereiro\/68580","title":{"rendered":"Setor p\u00fablico tem d\u00e9ficit de R$ 2,3 bilh\u00f5es em fevereiro"},"content":{"rendered":"<p> O <strong><em>setor p\u00fablico consolidado<\/em><\/strong> \u2013 governos federal, estaduais, municipais e empresas estatais \u2013 apresentou d\u00e9ficit prim\u00e1rio de R$ 2,3 bilh\u00f5es em fevereiro. No mesmo m\u00eas de 2014, foi registrado super\u00e1vit de R$ 2,13 bilh\u00f5es. O saldo negativo ocorre ap\u00f3s super\u00e1vit de R$ 21 bilh\u00f5es em janeiro, puxado principalmente pelos estados e munic\u00edpios. Os dados foram divulgados pelo Banco Central (BC).<\/p>\n<p>No acumulado dos dois primeiros meses do ano, o resultado ainda \u00e9 positivo em R$ 18,763 bilh\u00f5es gra\u00e7as ao super\u00e1vit de janeiro O super\u00e1vit prim\u00e1rio \u00e9 a economia de recursos para pagar os juros da d\u00edvida, reduzindo o endividamento p\u00fablico no m\u00e9dio e longo prazos. O d\u00e9ficit de fevereiro foi puxado pelo governo federal. No m\u00eas passado, o Governo Central (Tesouro, Banco Central e Previd\u00eancia) teve resultado fiscal negativo em R$ 6,671 bilh\u00f5es.<\/p>\n<p>As empresas estatais, exclu\u00eddos os grupos Petrobras e Eletrobras, tamb\u00e9m registraram d\u00e9ficit, de R$ 1,047 bilh\u00e3o. Os governos estaduais e municipais voltaram a ter saldo positivo, de R$ 4,653 bilh\u00f5es e R$ 547 milh\u00f5es, respectivamente.<\/p>\n<p>Os gastos com os juros que incidem sobre a d\u00edvida somaram R$ 56,3 bilh\u00f5es em fevereiro, acima dos R$ 18 bilh\u00f5es de janeiro. Naquele m\u00eas, o resultado favor\u00e1vel das opera\u00e7\u00f5es de swap cambial (venda de d\u00f3lares no mercado futuro) do BC contribuiu para a redu\u00e7\u00e3o dos juros. Com a piora dos juros da d\u00edvida, houve d\u00e9ficit nominal &#8211; formado pelo resultado prim\u00e1rio e as despesas com juros \u2013 de R$ 58,6 bilh\u00f5es no m\u00eas passado. Em 12 meses, h\u00e1 d\u00e9ficit nominal de R$ 379,5 bilh\u00f5es.<\/p>\n<p>Mariana Branco &#8211; Rep\u00f3rter da Ag\u00eancia Brasil<br \/>\nEdi\u00e7\u00e3o: Jos\u00e9 Romildo<\/p>\n","protected":false},"excerpt":{"rendered":"<p>O setor p\u00fablico consolidado \u2013 governos federal, estaduais, municipais e empresas estatais \u2013 apresentou d\u00e9ficit prim\u00e1rio de R$ 2,3 bilh\u00f5es em fevereiro. No mesmo m\u00eas de 2014, foi registrado super\u00e1vit de R$ 2,13 bilh\u00f5es. O saldo negativo ocorre ap\u00f3s super\u00e1vit de R$ 21 bilh\u00f5es em janeiro, puxado principalmente pelos estados e munic\u00edpios. Os dados foram [&hellip;]<\/p>\n","protected":false},"author":2,"featured_media":57583,"comment_status":"open","ping_status":"closed","sticky":false,"template":"","format":"standard","meta":{"_genesis_hide_title":false,"_genesis_hide_breadcrumbs":false,"_genesis_hide_singular_image":false,"_genesis_hide_footer_widgets":false,"_genesis_custom_body_class":"","_genesis_custom_post_class":"","_genesis_layout":"","_jetpack_memberships_contains_paid_content":false,"footnotes":""},"categories":[22,7],"tags":[],"class_list":{"0":"post-68580","1":"post","2":"type-post","3":"status-publish","4":"format-standard","5":"has-post-thumbnail","7":"category-brasil","8":"category-economia","9":"entry","10":"gs-1","11":"gs-odd","12":"gs-even","13":"gs-featured-content-entry"},"jetpack_featured_media_url":"https:\/\/www.redenoticia.com.br\/noticia\/imagens\/economia-grafico.jpg","jetpack_sharing_enabled":true,"jetpack_likes_enabled":true,"_links":{"self":[{"href":"https:\/\/www.redenoticia.com.br\/noticia\/wp-json\/wp\/v2\/posts\/68580","targetHints":{"allow":["GET"]}}],"collection":[{"href":"https:\/\/www.redenoticia.com.br\/noticia\/wp-json\/wp\/v2\/posts"}],"about":[{"href":"https:\/\/www.redenoticia.com.br\/noticia\/wp-json\/wp\/v2\/types\/post"}],"author":[{"embeddable":true,"href":"https:\/\/www.redenoticia.com.br\/noticia\/wp-json\/wp\/v2\/users\/2"}],"replies":[{"embeddable":true,"href":"https:\/\/www.redenoticia.com.br\/noticia\/wp-json\/wp\/v2\/comments?post=68580"}],"version-history":[{"count":0,"href":"https:\/\/www.redenoticia.com.br\/noticia\/wp-json\/wp\/v2\/posts\/68580\/revisions"}],"wp:featuredmedia":[{"embeddable":true,"href":"https:\/\/www.redenoticia.com.br\/noticia\/wp-json\/wp\/v2\/media\/57583"}],"wp:attachment":[{"href":"https:\/\/www.redenoticia.com.br\/noticia\/wp-json\/wp\/v2\/media?parent=68580"}],"wp:term":[{"taxonomy":"category","embeddable":true,"href":"https:\/\/www.redenoticia.com.br\/noticia\/wp-json\/wp\/v2\/categories?post=68580"},{"taxonomy":"post_tag","embeddable":true,"href":"https:\/\/www.redenoticia.com.br\/noticia\/wp-json\/wp\/v2\/tags?post=68580"}],"curies":[{"name":"wp","href":"https:\/\/api.w.org\/{rel}","templated":true}]}}