{"id":68578,"date":"2015-03-31T15:42:15","date_gmt":"2015-03-31T18:42:15","guid":{"rendered":"http:\/\/www.redenoticia.com.br\/noticia\/?p=68578"},"modified":"2015-03-31T15:42:15","modified_gmt":"2015-03-31T18:42:15","slug":"vendas-em-supermercados-caem-764-em-fevereiro","status":"publish","type":"post","link":"https:\/\/www.redenoticia.com.br\/noticia\/2015\/vendas-em-supermercados-caem-764-em-fevereiro\/68578","title":{"rendered":"Vendas em supermercados caem 7,64% em fevereiro"},"content":{"rendered":"<p> As <strong><em>vendas em supermercados<\/em><\/strong> ca\u00edram 7,64% em fevereiro em compara\u00e7\u00e3o com janeiro. No entanto, em rela\u00e7\u00e3o a fevereiro de 2014, houve crescimento de 0,35% no movimento, segundo balan\u00e7o divulgado pela Associa\u00e7\u00e3o Brasileira de Supermercados (Abras). No acumulado dos dois primeiros meses de 2015, as vendas aumentaram 1,93%. Os percentuais levam em considera\u00e7\u00e3o a infla\u00e7\u00e3o medida pelo \u00cdndice de Pre\u00e7os ao Consumidor Amplo (IPCA).<\/p>\n<p>O presidente do Conselho Consultivo da Abras, Sussumu Honda, disse que o resultado do ano ainda \u00e9 positivo por causa do bom desempenho do setor em janeiro. Por\u00e9m, o desaquecimento da economia e a alta da infla\u00e7\u00e3o est\u00e3o diminuindo a capacidade de compra da popula\u00e7\u00e3o. \u201cN\u00f3s temos indicadores macroecon\u00f4micos que n\u00e3o est\u00e3o bons, com o n\u00edvel de confian\u00e7a do consumidor tamb\u00e9m caindo. Estamos com infla\u00e7\u00e3o alta, e isso acaba afetando muito o poder aquisitivo\u201d, ressaltou, durante a apresenta\u00e7\u00e3o dos dados.<\/p>\n<p>Segundo Honda, o resultado de fevereiro, entretanto, foi afetado pelo menor n\u00famero de dias no m\u00eas e pelo feriado de carnaval. \u201cNossas vendas s\u00e3o dia a dia. Ent\u00e3o, quanto mais dias, melhor\u201d, explicou. Mesmo assim, os n\u00fameros do m\u00eas indicam que o setor n\u00e3o dever\u00e1 ter uma grande expans\u00e3o neste ano.<\/p>\n<p>Para Honda, o cen\u00e1rio econ\u00f4mico e o ajuste fiscal proposto pelo governo federal dificultam as previs\u00f5es para o ano. Por isso, ele evitou dizer se ser\u00e1 poss\u00edvel atingir a estimativa feita no in\u00edcio do ano de crescimento de 2% em 2015. \u201cFica dif\u00edcil fazer previs\u00f5es neste ano de ajuste, que vai impactar em toda a cadeia. De janeiro para c\u00e1, mudou tanta coisa, os n\u00fameros deterioraram tanto.\u201d<\/p>\n<p>Honda ponderou, no entanto, que os supermercados podem ser beneficiados pela mudan\u00e7a de h\u00e1bito do consumidor que vai buscar alternativas mais baratas de alimenta\u00e7\u00e3o, por exemplo. \u201cA alimenta\u00e7\u00e3o fora do lar, que ganhou um espa\u00e7o muito grande [nos \u00faltimos anos], deve perder esse espa\u00e7o. A\u00ed o varejo alimentar \u00e9 beneficiado nesse aspecto.\u201d<\/p>\n<p>Na opini\u00e3o de Honda, o  que parece claro \u00e9 que o setor est\u00e1 perdendo o impulso que permitiu altos n\u00edveis de expans\u00e3o nos \u00faltimos anos. \u201cO nosso ciclo de crescimento, que n\u00f3s tivemos a partir de 2005, perde for\u00e7a agora. Certamente, n\u00f3s temos muitos desafios neste ano.\u201d<\/p>\n<p>O faturamento do setor chegou a R$ 294,9 bilh\u00f5es no ano passado. O montante significa crescimento real de 1,8% em rela\u00e7\u00e3o a 2013. Com 83,6 mil lojas, os supermercados empregam 1,75 milh\u00e3o de pessoas em todo o pa\u00eds.<\/p>\n<p>Daniel Mello \u2013 Rep\u00f3rter da Ag\u00eancia Brasil<br \/>\nEdi\u00e7\u00e3o: Denise Griesinger<\/p>\n","protected":false},"excerpt":{"rendered":"<p>As vendas em supermercados ca\u00edram 7,64% em fevereiro em compara\u00e7\u00e3o com janeiro. No entanto, em rela\u00e7\u00e3o a fevereiro de 2014, houve crescimento de 0,35% no movimento, segundo balan\u00e7o divulgado pela Associa\u00e7\u00e3o Brasileira de Supermercados (Abras). No acumulado dos dois primeiros meses de 2015, as vendas aumentaram 1,93%. Os percentuais levam em considera\u00e7\u00e3o a infla\u00e7\u00e3o medida [&hellip;]<\/p>\n","protected":false},"author":2,"featured_media":57584,"comment_status":"open","ping_status":"closed","sticky":false,"template":"","format":"standard","meta":{"_genesis_hide_title":false,"_genesis_hide_breadcrumbs":false,"_genesis_hide_singular_image":false,"_genesis_hide_footer_widgets":false,"_genesis_custom_body_class":"","_genesis_custom_post_class":"","_genesis_layout":"","_jetpack_memberships_contains_paid_content":false,"footnotes":""},"categories":[22,7],"tags":[],"class_list":{"0":"post-68578","1":"post","2":"type-post","3":"status-publish","4":"format-standard","5":"has-post-thumbnail","7":"category-brasil","8":"category-economia","9":"entry","10":"gs-1","11":"gs-odd","12":"gs-even","13":"gs-featured-content-entry"},"jetpack_featured_media_url":"https:\/\/www.redenoticia.com.br\/noticia\/imagens\/economia-grafica-analise-inflacao.jpg","jetpack_sharing_enabled":true,"jetpack_likes_enabled":true,"_links":{"self":[{"href":"https:\/\/www.redenoticia.com.br\/noticia\/wp-json\/wp\/v2\/posts\/68578","targetHints":{"allow":["GET"]}}],"collection":[{"href":"https:\/\/www.redenoticia.com.br\/noticia\/wp-json\/wp\/v2\/posts"}],"about":[{"href":"https:\/\/www.redenoticia.com.br\/noticia\/wp-json\/wp\/v2\/types\/post"}],"author":[{"embeddable":true,"href":"https:\/\/www.redenoticia.com.br\/noticia\/wp-json\/wp\/v2\/users\/2"}],"replies":[{"embeddable":true,"href":"https:\/\/www.redenoticia.com.br\/noticia\/wp-json\/wp\/v2\/comments?post=68578"}],"version-history":[{"count":0,"href":"https:\/\/www.redenoticia.com.br\/noticia\/wp-json\/wp\/v2\/posts\/68578\/revisions"}],"wp:featuredmedia":[{"embeddable":true,"href":"https:\/\/www.redenoticia.com.br\/noticia\/wp-json\/wp\/v2\/media\/57584"}],"wp:attachment":[{"href":"https:\/\/www.redenoticia.com.br\/noticia\/wp-json\/wp\/v2\/media?parent=68578"}],"wp:term":[{"taxonomy":"category","embeddable":true,"href":"https:\/\/www.redenoticia.com.br\/noticia\/wp-json\/wp\/v2\/categories?post=68578"},{"taxonomy":"post_tag","embeddable":true,"href":"https:\/\/www.redenoticia.com.br\/noticia\/wp-json\/wp\/v2\/tags?post=68578"}],"curies":[{"name":"wp","href":"https:\/\/api.w.org\/{rel}","templated":true}]}}