{"id":68576,"date":"2015-03-31T15:39:31","date_gmt":"2015-03-31T18:39:31","guid":{"rendered":"http:\/\/www.redenoticia.com.br\/noticia\/?p=68576"},"modified":"2015-03-31T15:39:31","modified_gmt":"2015-03-31T18:39:31","slug":"confianca-da-industria-atinge-o-menor-nivel-desde-2009-mostra-fgv","status":"publish","type":"post","link":"https:\/\/www.redenoticia.com.br\/noticia\/2015\/confianca-da-industria-atinge-o-menor-nivel-desde-2009-mostra-fgv\/68576","title":{"rendered":"Confian\u00e7a da ind\u00fastria atinge o menor n\u00edvel desde 2009, mostra FGV"},"content":{"rendered":"<p> O <strong><em>\u00cdndice de Confian\u00e7a da Ind\u00fastria<\/em><\/strong>, divulgado pela Funda\u00e7\u00e3o Getulio Vargas (FGV), recuou 9,2% de fevereiro a mar\u00e7o ao passar de 83 para 75,4 pontos. O resultado \u00e9 o menor n\u00edvel desde janeiro de 2009 (74,1) e ficou bem abaixo da m\u00e9dia hist\u00f3rica dos \u00faltimos anos (101,6 pontos).<\/p>\n<p>O levantamento refere-se \u00e0 Sondagem da Ind\u00fastria de Transforma\u00e7\u00e3o, feita pelo Instituto Brasileiro de Economia (Ibre). De acordo com o instituto, aumentou o pessimismo dos empres\u00e1rios em rela\u00e7\u00e3o \u00e0 economia do pa\u00eds tanto em rela\u00e7\u00e3o ao momento presente quanto ao futuro no curto prazo.<\/p>\n<p> O \u00cdndice da Situa\u00e7\u00e3o Atual caiu 10,4% e ficou em 75,3 pontos, o n\u00edvel mais baixo desde julho de 2003 (70,4). O \u00cdndice de Expectativas (IE) teve queda de 7,8%, atingindo 75,5 pontos, o menor patamar desde fevereiro de 2009 (73,3).<\/p>\n<p>O superintendente adjunto para Ciclos Econ\u00f4micos do Ibre-FGV, Aloisio Campelo Jr.,observou que essa percep\u00e7\u00e3o mais negativa vem sendo disseminada no setor desde novembro de 2008, ano da crise financeira internacional. Ele salientou que a desvaloriza\u00e7\u00e3o do real diante do d\u00f3lar pode reverter em parte a perda de confian\u00e7a. \u201cO ganho potencial de competitividade externa, com a desvaloriza\u00e7\u00e3o do real, passa a concentrar as aten\u00e7\u00f5es do setor como uma v\u00e1lvula de escape para compensar em parte o cen\u00e1rio dom\u00e9stico desfavor\u00e1vel.\u201d<\/p>\n<p>Para a pesquisa, foram entrevistados representantes de 1.141 empresas no per\u00edodo de 3 a 26 de mar\u00e7o. O que mais influenciou a queda quanto ao momento atual foi o n\u00edvel de demanda, com retra\u00e7\u00e3o de 16,4% e 67,3 pontos, o n\u00edvel mais baixo desde julho de 2003 (66,2 pontos). Ao serem questionados sobre a demanda forte, apenas 2,6% responderam que sim, parcela bem inferior \u00e0 registrada de janeiro a fevereiro (7,4%). O universo que classificou a demanda de fraca subiu de 26,9% para 35,3%.<\/p>\n<p>Em rela\u00e7\u00e3o ao \u00cdndice de Expectativas, o fator que mais impactou a queda foi a percep\u00e7\u00e3o empresarial sobre a evolu\u00e7\u00e3o dos neg\u00f3cios para os pr\u00f3ximos seis meses, com redu\u00e7\u00e3o de 12,5%, com 84,8 pontos, o menor n\u00edvel desde mar\u00e7o de 2009 (82,8). Para 20,7% dos entrevistados, pode ocorrer melhora, taxa acima da verificada na pesquisa anterior (19,8%). A pesquisa mostra que cresceu a parcela dos que acreditam em piora (de 22,9% para 35,9%).<\/p>\n<p>O N\u00edvel de Utiliza\u00e7\u00e3o da Capacidade Instalada recuou 1,2 ponto percentual ao atingir 80,4 pontos, o menor n\u00edvel desde julho de 2009 (79,9%).<\/p>\n<p>Marli Moreira &#8211; Rep\u00f3rter da Ag\u00eancia Brasil<br \/>\nEdi\u00e7\u00e3o: Val\u00e9ria Aguiar<\/p>\n","protected":false},"excerpt":{"rendered":"<p>O \u00cdndice de Confian\u00e7a da Ind\u00fastria, divulgado pela Funda\u00e7\u00e3o Getulio Vargas (FGV), recuou 9,2% de fevereiro a mar\u00e7o ao passar de 83 para 75,4 pontos. O resultado \u00e9 o menor n\u00edvel desde janeiro de 2009 (74,1) e ficou bem abaixo da m\u00e9dia hist\u00f3rica dos \u00faltimos anos (101,6 pontos). O levantamento refere-se \u00e0 Sondagem da Ind\u00fastria [&hellip;]<\/p>\n","protected":false},"author":2,"featured_media":57585,"comment_status":"open","ping_status":"closed","sticky":false,"template":"","format":"standard","meta":{"_genesis_hide_title":false,"_genesis_hide_breadcrumbs":false,"_genesis_hide_singular_image":false,"_genesis_hide_footer_widgets":false,"_genesis_custom_body_class":"","_genesis_custom_post_class":"","_genesis_layout":"","_jetpack_memberships_contains_paid_content":false,"footnotes":""},"categories":[22,7],"tags":[],"class_list":{"0":"post-68576","1":"post","2":"type-post","3":"status-publish","4":"format-standard","5":"has-post-thumbnail","7":"category-brasil","8":"category-economia","9":"entry","10":"gs-1","11":"gs-odd","12":"gs-even","13":"gs-featured-content-entry"},"jetpack_featured_media_url":"https:\/\/www.redenoticia.com.br\/noticia\/imagens\/analise-economia.jpg","jetpack_sharing_enabled":true,"jetpack_likes_enabled":true,"_links":{"self":[{"href":"https:\/\/www.redenoticia.com.br\/noticia\/wp-json\/wp\/v2\/posts\/68576","targetHints":{"allow":["GET"]}}],"collection":[{"href":"https:\/\/www.redenoticia.com.br\/noticia\/wp-json\/wp\/v2\/posts"}],"about":[{"href":"https:\/\/www.redenoticia.com.br\/noticia\/wp-json\/wp\/v2\/types\/post"}],"author":[{"embeddable":true,"href":"https:\/\/www.redenoticia.com.br\/noticia\/wp-json\/wp\/v2\/users\/2"}],"replies":[{"embeddable":true,"href":"https:\/\/www.redenoticia.com.br\/noticia\/wp-json\/wp\/v2\/comments?post=68576"}],"version-history":[{"count":0,"href":"https:\/\/www.redenoticia.com.br\/noticia\/wp-json\/wp\/v2\/posts\/68576\/revisions"}],"wp:featuredmedia":[{"embeddable":true,"href":"https:\/\/www.redenoticia.com.br\/noticia\/wp-json\/wp\/v2\/media\/57585"}],"wp:attachment":[{"href":"https:\/\/www.redenoticia.com.br\/noticia\/wp-json\/wp\/v2\/media?parent=68576"}],"wp:term":[{"taxonomy":"category","embeddable":true,"href":"https:\/\/www.redenoticia.com.br\/noticia\/wp-json\/wp\/v2\/categories?post=68576"},{"taxonomy":"post_tag","embeddable":true,"href":"https:\/\/www.redenoticia.com.br\/noticia\/wp-json\/wp\/v2\/tags?post=68576"}],"curies":[{"name":"wp","href":"https:\/\/api.w.org\/{rel}","templated":true}]}}