{"id":68574,"date":"2015-03-31T15:37:26","date_gmt":"2015-03-31T18:37:26","guid":{"rendered":"http:\/\/www.redenoticia.com.br\/noticia\/?p=68574"},"modified":"2015-03-31T15:37:26","modified_gmt":"2015-03-31T18:37:26","slug":"governo-central-registra-deficit-de-r-74-bilhoes-em-fevereiro","status":"publish","type":"post","link":"https:\/\/www.redenoticia.com.br\/noticia\/2015\/governo-central-registra-deficit-de-r-74-bilhoes-em-fevereiro\/68574","title":{"rendered":"Governo Central registra d\u00e9ficit de R$ 7,4 bilh\u00f5es em fevereiro"},"content":{"rendered":"<p> Em fevereiro, o Governo Central \u2013 que re\u00fane as contas Tesouro Nacional, da Previd\u00eancia Social e do Banco Central \u2013 registrou <strong><em>d\u00e9ficit prim\u00e1rio<\/em><\/strong> de R$ 7,4 bilh\u00f5es, o que representa o maior resultado negativo para o m\u00eas desde o in\u00edcio da s\u00e9rie hist\u00f3rica (1997). Em fevereiro de 2014, o d\u00e9ficit havia ficado em R$ 3,4 bilh\u00f5es, de acordo com o balan\u00e7o divulgado pelo Tesouro Nacional.<\/p>\n<p>D\u00e9ficit prim\u00e1rio \u00e9 o gasto do governo que excede o valor de sua arrecada\u00e7\u00e3o, sem levar em considera\u00e7\u00e3o a despesa com o pagamento dos juros da d\u00edvida p\u00fablica.<\/p>\n<p>De acordo com o secret\u00e1rio do Tesouro, Marcelo Saintive, o governo federal j\u00e1 esperava o d\u00e9ficit prim\u00e1rio registrado em fevereiro, uma vez que se trata de m\u00eas \u201cmais fraco no que se refere a receitas\u201d. Apesar de as despesas do Governo Central terem crescido, ele acredita que, a partir do final de abril, os gastos apresentar\u00e3o ritmo menor. O secret\u00e1rio ressaltou que o compromisso do governo \u00e9 com o pagamento das despesas. &#8220;N\u00e3o h\u00e1 nada fora do nosso controle&#8221;, completou.<\/p>\n<p>O d\u00e9ficit foi amenizado pelo fato de, no m\u00eas anterior, ter sido registrado super\u00e1vit de R$ 10,6 bilh\u00f5es. Com isso, o resultado prim\u00e1rio nos dois primeiros meses de 2015 ficou em R$ 3,2 bilh\u00f5es. No ano passado, houve super\u00e1vit de R$ 10,8 bilh\u00f5es no mesmo per\u00edodo.<\/p>\n<p>De acordo com o Tesouro, esse resultado se deve principalmente a uma redu\u00e7\u00e3o de 4,1% da receita l\u00edquida, j\u00e1 que as despesas se mantiveram, em termos reais, no mesmo patamar das de 2014. A receita total teve decr\u00e9scimo de 4,6% em 2015, na compara\u00e7\u00e3o com o mesmo per\u00edodo de 2014. Desconsiderando a arrecada\u00e7\u00e3o extraordin\u00e1ria de R$ 4,6 bilh\u00f5es, registrada em fevereiro deste ano, a varia\u00e7\u00e3o real seria uma redu\u00e7\u00e3o de 6,6%.<\/p>\n<p>Pedro Peduzzi &#8211; Rep\u00f3rter da Ag\u00eancia Brasil<br \/>\nEdi\u00e7\u00e3o: Jos\u00e9 Romildo<\/p>\n","protected":false},"excerpt":{"rendered":"<p>Em fevereiro, o Governo Central \u2013 que re\u00fane as contas Tesouro Nacional, da Previd\u00eancia Social e do Banco Central \u2013 registrou d\u00e9ficit prim\u00e1rio de R$ 7,4 bilh\u00f5es, o que representa o maior resultado negativo para o m\u00eas desde o in\u00edcio da s\u00e9rie hist\u00f3rica (1997). Em fevereiro de 2014, o d\u00e9ficit havia ficado em R$ 3,4 [&hellip;]<\/p>\n","protected":false},"author":2,"featured_media":40517,"comment_status":"open","ping_status":"closed","sticky":false,"template":"","format":"standard","meta":{"_genesis_hide_title":false,"_genesis_hide_breadcrumbs":false,"_genesis_hide_singular_image":false,"_genesis_hide_footer_widgets":false,"_genesis_custom_body_class":"","_genesis_custom_post_class":"","_genesis_layout":"","_jetpack_memberships_contains_paid_content":false,"footnotes":""},"categories":[22,7],"tags":[],"class_list":{"0":"post-68574","1":"post","2":"type-post","3":"status-publish","4":"format-standard","5":"has-post-thumbnail","7":"category-brasil","8":"category-economia","9":"entry","10":"gs-1","11":"gs-odd","12":"gs-even","13":"gs-featured-content-entry"},"jetpack_featured_media_url":"https:\/\/www.redenoticia.com.br\/noticia\/imagens\/economia-previsao.jpg","jetpack_sharing_enabled":true,"jetpack_likes_enabled":true,"_links":{"self":[{"href":"https:\/\/www.redenoticia.com.br\/noticia\/wp-json\/wp\/v2\/posts\/68574","targetHints":{"allow":["GET"]}}],"collection":[{"href":"https:\/\/www.redenoticia.com.br\/noticia\/wp-json\/wp\/v2\/posts"}],"about":[{"href":"https:\/\/www.redenoticia.com.br\/noticia\/wp-json\/wp\/v2\/types\/post"}],"author":[{"embeddable":true,"href":"https:\/\/www.redenoticia.com.br\/noticia\/wp-json\/wp\/v2\/users\/2"}],"replies":[{"embeddable":true,"href":"https:\/\/www.redenoticia.com.br\/noticia\/wp-json\/wp\/v2\/comments?post=68574"}],"version-history":[{"count":0,"href":"https:\/\/www.redenoticia.com.br\/noticia\/wp-json\/wp\/v2\/posts\/68574\/revisions"}],"wp:featuredmedia":[{"embeddable":true,"href":"https:\/\/www.redenoticia.com.br\/noticia\/wp-json\/wp\/v2\/media\/40517"}],"wp:attachment":[{"href":"https:\/\/www.redenoticia.com.br\/noticia\/wp-json\/wp\/v2\/media?parent=68574"}],"wp:term":[{"taxonomy":"category","embeddable":true,"href":"https:\/\/www.redenoticia.com.br\/noticia\/wp-json\/wp\/v2\/categories?post=68574"},{"taxonomy":"post_tag","embeddable":true,"href":"https:\/\/www.redenoticia.com.br\/noticia\/wp-json\/wp\/v2\/tags?post=68574"}],"curies":[{"name":"wp","href":"https:\/\/api.w.org\/{rel}","templated":true}]}}