{"id":68569,"date":"2015-03-31T15:27:25","date_gmt":"2015-03-31T18:27:25","guid":{"rendered":"http:\/\/www.redenoticia.com.br\/noticia\/?p=68569"},"modified":"2015-03-31T15:27:25","modified_gmt":"2015-03-31T18:27:25","slug":"sao-paulo-monta-tendas-para-atendimento-a-casos-de-dengue","status":"publish","type":"post","link":"https:\/\/www.redenoticia.com.br\/noticia\/2015\/sao-paulo-monta-tendas-para-atendimento-a-casos-de-dengue\/68569","title":{"rendered":"S\u00e3o Paulo monta tendas para atendimento a casos de dengue"},"content":{"rendered":"<p> A Prefeitura de S\u00e3o Paulo come\u00e7ou a instala\u00e7\u00e3o de tr\u00eas tendas, na capital paulista, para auxiliar no atendimento e tratamento de pessoas com <strong><em>dengue<\/em><\/strong>. As tendas ser\u00e3o colocadas na zona norte da capital \u2013 \u00e1rea com maior incid\u00eancia de transmiss\u00e3o da doen\u00e7a \u2013 em locais pr\u00f3ximos a unidades b\u00e1sicas de sa\u00fade (UBS), de Assist\u00eancia M\u00e9dica Ambulatorial (AMA) ou de prontos-socorros. Cada tenda ter\u00e1 capacidade para atender 300 pacientes por dia.<\/p>\n<p>As tendas s\u00e3o implementadas pela prefeitura em parceria com cinco hospitais filantr\u00f3picos da cidade (S\u00edrio-Liban\u00eas, Hospital do Cora\u00e7\u00e3o, Hospital Alem\u00e3o Oswaldo Cruz, Hospital Albert Einstein e Hospital Samaritano), que participar\u00e3o cedendo profissionais como m\u00e9dicos. A expectativa \u00e9 de que o atendimento nas tendas comece at\u00e9 final da pr\u00f3xima semana. As arma\u00e7\u00f5es est\u00e3o localizadas na Rua Ibiraiaras, 21, bairro Jardim Vista Alegre (UBS Jardim Vista Alegre); na rua Francisco Lotufo, 24, Vila Palmeiras (AMA\/UBS Vila Palmeiras); e na Avenida Jo\u00e3o Amado Coutinho, 400, no Jaragu\u00e1 (AMA\/UBS El\u00edsio Teixeira Leite).<\/p>\n<p>De acordo com dados apresentados no \u00faltimo dia 26 pela Secretaria Municipal de Sa\u00fade, o munic\u00edpio registrou, no per\u00edodo de 4 de janeiro a 14 de mar\u00e7o, 4.436 casos de dengue confirmados aut\u00f3ctones (contra\u00eddos no munic\u00edpio). No mesmo per\u00edodo de 2014, a cidade teve 1.412 casos confirmados. Cerca de 47,5% dos casos est\u00e3o concentrados na zona norte de S\u00e3o Paulo.<\/p>\n<p>Dois \u00f3bitos pela doen\u00e7a foram confirmados at\u00e9 agora: uma senhora de 84 anos, moradora de Brasil\u00e2ndia, zona norte, no dia 28 de janeiro; e um garoto de 11 anos, morador do Jardim \u00c2ngela, zona sul, no dia 9 de mar\u00e7o. H\u00e1 dez outros casos de \u00f3bito sendo analisados no momento. Durante todo o ano de 2014, a capital registrou 28.990 casos da doen\u00e7a \u2013 97,7% no primeiro semestre\u2013, com 14 \u00f3bitos ao longo do ano. Em 2015, a estimativa da Secretaria Municipal de Sa\u00fade, \u00e9 que o n\u00famero possa ser at\u00e9 tr\u00eas vezes maior.<\/p>\n<p>Desde o in\u00edcio do ano, o estado de S\u00e3o Paulo contabiliza 123 mil casos da doen\u00e7a, o que equivale a mais da metade dos 224 mil registros de dengue no pa\u00eds.<\/p>\n<p>No interior do estado, em Catanduva, cidade que declarou estar em epidemia de dengue, a Unidade de Tratamento da Dengue (UTD), que foi inaugurada no dia 14 de fevereiro, atendia em m\u00e9dia 250 pacientes por dia. De acordo com dados da Prefeitura, desde o come\u00e7o de mar\u00e7o, os atendimentos di\u00e1rios ca\u00edram para 150 pacientes por dia. A Unidade de Pronto Atendimento (UPA) atendia diariamente, no come\u00e7o da epidemia, em m\u00e9dia, 900 pacientes. Desde o come\u00e7o deste m\u00eas, a m\u00e9dia di\u00e1ria caiu 35%, para 600 atendimentos.<\/p>\n<p>De acordo com a Vigil\u00e2ncia Epidemiol\u00f3gica da cidade, s\u00e3o 9.358 casos positivos, com 643 pessoas aguardando os resultados dos exames. At\u00e9 o dia 13 de mar\u00e7o, o n\u00famero de pacientes que esperavam resultados era 1.783.<\/p>\n<p>Em Mar\u00edlia, foram registradas 10.970 notifica\u00e7\u00f5es, sendo 4.075 confirmadas por exames de laborat\u00f3rio e 6.895 por diagn\u00f3stico cl\u00ednico. Seis pessoas morreram e oito casos esperam confirma\u00e7\u00e3o. Em Campinas, segundo dados divulgados no dia 27 pela Secretaria de Sa\u00fade, foram confirmados 7.756 casos de dengue no munic\u00edpio em 2015. Em janeiro, foram 1.205 ocorr\u00eancias, em fevereiro, 2.981, e em mar\u00e7o, 3.570. O Departamento de Vigil\u00e2ncia em Sa\u00fade (Devisa) tem ainda, 7.284 casos em investiga\u00e7\u00e3o. Uma morte foi confirmada e outras quatro est\u00e3o sendo investigadas e aguardam resultados de exames para confirma\u00e7\u00e3o.<\/p>\n<p>Em Sorocaba, de acordo com dados do \u00faltimo dia 18, at\u00e9 o dia 16 de mar\u00e7o, foram registrados 22.675 casos da doen\u00e7a, sendo 4.195 confirmados por crit\u00e9rios laboratoriais e 18.480 por crit\u00e9rios cl\u00ednico-epidemiol\u00f3gicos, ou seja, casos prov\u00e1veis de dengue. Deste total, 22.583 (99,6%) casos s\u00e3o aut\u00f3ctones e 92 (0,4%) s\u00e3o importados. Seis mortes foram registradas no munic\u00edpio. Quatro outros casos aguardam confirma\u00e7\u00e3o.<\/p>\n<p>Fl\u00e1via Albuquerque \u2013 Rep\u00f3rter da Ag\u00eancia Brasil<br \/>\nEdi\u00e7\u00e3o: Denise Griesinger<\/p>\n","protected":false},"excerpt":{"rendered":"<p>A Prefeitura de S\u00e3o Paulo come\u00e7ou a instala\u00e7\u00e3o de tr\u00eas tendas, na capital paulista, para auxiliar no atendimento e tratamento de pessoas com dengue. As tendas ser\u00e3o colocadas na zona norte da capital \u2013 \u00e1rea com maior incid\u00eancia de transmiss\u00e3o da doen\u00e7a \u2013 em locais pr\u00f3ximos a unidades b\u00e1sicas de sa\u00fade (UBS), de Assist\u00eancia M\u00e9dica [&hellip;]<\/p>\n","protected":false},"author":2,"featured_media":40847,"comment_status":"open","ping_status":"closed","sticky":false,"template":"","format":"standard","meta":{"_genesis_hide_title":false,"_genesis_hide_breadcrumbs":false,"_genesis_hide_singular_image":false,"_genesis_hide_footer_widgets":false,"_genesis_custom_body_class":"","_genesis_custom_post_class":"","_genesis_layout":"","_jetpack_memberships_contains_paid_content":false,"footnotes":""},"categories":[22],"tags":[],"class_list":{"0":"post-68569","1":"post","2":"type-post","3":"status-publish","4":"format-standard","5":"has-post-thumbnail","7":"category-brasil","8":"entry","9":"gs-1","10":"gs-odd","11":"gs-even","12":"gs-featured-content-entry"},"jetpack_featured_media_url":"https:\/\/www.redenoticia.com.br\/noticia\/imagens\/dengue-combate.jpg","jetpack_sharing_enabled":true,"jetpack_likes_enabled":true,"_links":{"self":[{"href":"https:\/\/www.redenoticia.com.br\/noticia\/wp-json\/wp\/v2\/posts\/68569","targetHints":{"allow":["GET"]}}],"collection":[{"href":"https:\/\/www.redenoticia.com.br\/noticia\/wp-json\/wp\/v2\/posts"}],"about":[{"href":"https:\/\/www.redenoticia.com.br\/noticia\/wp-json\/wp\/v2\/types\/post"}],"author":[{"embeddable":true,"href":"https:\/\/www.redenoticia.com.br\/noticia\/wp-json\/wp\/v2\/users\/2"}],"replies":[{"embeddable":true,"href":"https:\/\/www.redenoticia.com.br\/noticia\/wp-json\/wp\/v2\/comments?post=68569"}],"version-history":[{"count":0,"href":"https:\/\/www.redenoticia.com.br\/noticia\/wp-json\/wp\/v2\/posts\/68569\/revisions"}],"wp:featuredmedia":[{"embeddable":true,"href":"https:\/\/www.redenoticia.com.br\/noticia\/wp-json\/wp\/v2\/media\/40847"}],"wp:attachment":[{"href":"https:\/\/www.redenoticia.com.br\/noticia\/wp-json\/wp\/v2\/media?parent=68569"}],"wp:term":[{"taxonomy":"category","embeddable":true,"href":"https:\/\/www.redenoticia.com.br\/noticia\/wp-json\/wp\/v2\/categories?post=68569"},{"taxonomy":"post_tag","embeddable":true,"href":"https:\/\/www.redenoticia.com.br\/noticia\/wp-json\/wp\/v2\/tags?post=68569"}],"curies":[{"name":"wp","href":"https:\/\/api.w.org\/{rel}","templated":true}]}}