{"id":68528,"date":"2015-03-30T16:43:22","date_gmt":"2015-03-30T19:43:22","guid":{"rendered":"http:\/\/www.redenoticia.com.br\/noticia\/?p=68528"},"modified":"2015-03-30T16:43:22","modified_gmt":"2015-03-30T19:43:22","slug":"mercado-preve-selic-a-1325-e-queda-de-1-do-pib","status":"publish","type":"post","link":"https:\/\/www.redenoticia.com.br\/noticia\/2015\/mercado-preve-selic-a-1325-e-queda-de-1-do-pib\/68528","title":{"rendered":"Mercado prev\u00ea Selic a 13,25% e queda de 1% do PIB"},"content":{"rendered":"<p> Analistas do mercado financeiro aumentaram a <strong><em>previs\u00e3o de encerramento da Selic<\/em><\/strong>, a taxa b\u00e1sica de juros da economia, para este ano. Da proje\u00e7\u00e3o de 13% que vinha se sustentando h\u00e1 semanas, a estimativa passou para 13,25% ao ano no fim de 2015. Est\u00e1 prevista ainda retra\u00e7\u00e3o da atividade econ\u00f4mica mais forte do que antes. Investidores reduziram a proje\u00e7\u00e3o para o Produto Interno Bruto (PIB, soma dos bens e servi\u00e7os produzidos em um pa\u00eds), de queda de 0,78% para recuo de 1%.<\/p>\n<p>As previs\u00f5es est\u00e3o no boletim Focus, pesquisa em institui\u00e7\u00f5es financeiras divulgada semanalmente pelo Banco Central (BC). A mudan\u00e7a na expectativa para a Selic significa que o mercado espera que o Comit\u00ea de Pol\u00edtica Monet\u00e1ria (Copom) do BC suba a taxa em mais 0,5 ponto percentual este ano. Em 2015, o Copom j\u00e1 aumentou a Selic em 1 ponto percentual, com duas eleva\u00e7\u00f5es de 0,5 ponto percentual, nas reuni\u00f5es de janeiro e mar\u00e7o. O comit\u00ea se re\u00fane mais uma vez nos dias 28 e 29 de abril.<\/p>\n<p>O boletim manteve est\u00e1vel a proje\u00e7\u00e3o para a infla\u00e7\u00e3o medida pelo \u00cdndice de Pre\u00e7os ao Consumidor Amplo (IPCA). De 8,12%, a previs\u00e3o passou a alta de 8,13%. A expectativa de alta pelos pre\u00e7os administrados, regulados pelo governo ou por contrato, subiu de 12,6% para 13%. A eleva\u00e7\u00e3o de pre\u00e7os administrados \u2013 como os da energia e gasolina \u2013 responde por boa parte da infla\u00e7\u00e3o. A estimativa para o c\u00e2mbio subiu de R$ 3,15 para R$ 3,20.<\/p>\n<p>A estimativa da d\u00edvida l\u00edquida do setor p\u00fablico permaneceu em 38% do PIB. A estimativa do d\u00e9ficit em conta-corrente, que mede a qualidade das contas externas, caiu, ficando em US$ 77,1 bilh\u00f5es, menor que os US$ 79,8 bilh\u00f5es anteriores O saldo projetado para a balan\u00e7a comercial subiu de US$ 3,5 bilh\u00f5es para US$ 4 bilh\u00f5es. Os investimentos estrangeiros estimados diminu\u00edram de US$ 56,5 bilh\u00f5es para US$ 56 bilh\u00f5es. <\/p>\n<p>Mariana Branco &#8211; Rep\u00f3rter da Ag\u00eancia Brasil<br \/>\nEdi\u00e7\u00e3o: Jos\u00e9 Romildo<\/p>\n","protected":false},"excerpt":{"rendered":"<p>Analistas do mercado financeiro aumentaram a previs\u00e3o de encerramento da Selic, a taxa b\u00e1sica de juros da economia, para este ano. Da proje\u00e7\u00e3o de 13% que vinha se sustentando h\u00e1 semanas, a estimativa passou para 13,25% ao ano no fim de 2015. Est\u00e1 prevista ainda retra\u00e7\u00e3o da atividade econ\u00f4mica mais forte do que antes. Investidores [&hellip;]<\/p>\n","protected":false},"author":2,"featured_media":57583,"comment_status":"open","ping_status":"closed","sticky":false,"template":"","format":"standard","meta":{"_genesis_hide_title":false,"_genesis_hide_breadcrumbs":false,"_genesis_hide_singular_image":false,"_genesis_hide_footer_widgets":false,"_genesis_custom_body_class":"","_genesis_custom_post_class":"","_genesis_layout":"","_jetpack_memberships_contains_paid_content":false,"footnotes":""},"categories":[22,7],"tags":[],"class_list":{"0":"post-68528","1":"post","2":"type-post","3":"status-publish","4":"format-standard","5":"has-post-thumbnail","7":"category-brasil","8":"category-economia","9":"entry","10":"gs-1","11":"gs-odd","12":"gs-even","13":"gs-featured-content-entry"},"jetpack_featured_media_url":"https:\/\/www.redenoticia.com.br\/noticia\/imagens\/economia-grafico.jpg","jetpack_sharing_enabled":true,"jetpack_likes_enabled":true,"_links":{"self":[{"href":"https:\/\/www.redenoticia.com.br\/noticia\/wp-json\/wp\/v2\/posts\/68528","targetHints":{"allow":["GET"]}}],"collection":[{"href":"https:\/\/www.redenoticia.com.br\/noticia\/wp-json\/wp\/v2\/posts"}],"about":[{"href":"https:\/\/www.redenoticia.com.br\/noticia\/wp-json\/wp\/v2\/types\/post"}],"author":[{"embeddable":true,"href":"https:\/\/www.redenoticia.com.br\/noticia\/wp-json\/wp\/v2\/users\/2"}],"replies":[{"embeddable":true,"href":"https:\/\/www.redenoticia.com.br\/noticia\/wp-json\/wp\/v2\/comments?post=68528"}],"version-history":[{"count":0,"href":"https:\/\/www.redenoticia.com.br\/noticia\/wp-json\/wp\/v2\/posts\/68528\/revisions"}],"wp:featuredmedia":[{"embeddable":true,"href":"https:\/\/www.redenoticia.com.br\/noticia\/wp-json\/wp\/v2\/media\/57583"}],"wp:attachment":[{"href":"https:\/\/www.redenoticia.com.br\/noticia\/wp-json\/wp\/v2\/media?parent=68528"}],"wp:term":[{"taxonomy":"category","embeddable":true,"href":"https:\/\/www.redenoticia.com.br\/noticia\/wp-json\/wp\/v2\/categories?post=68528"},{"taxonomy":"post_tag","embeddable":true,"href":"https:\/\/www.redenoticia.com.br\/noticia\/wp-json\/wp\/v2\/tags?post=68528"}],"curies":[{"name":"wp","href":"https:\/\/api.w.org\/{rel}","templated":true}]}}