{"id":68525,"date":"2015-03-30T16:37:34","date_gmt":"2015-03-30T19:37:34","guid":{"rendered":"http:\/\/www.redenoticia.com.br\/noticia\/?p=68525"},"modified":"2015-03-30T16:37:34","modified_gmt":"2015-03-30T19:37:34","slug":"indice-que-serve-de-base-para-reajuste-de-aluguel-acumula-alta-de-316","status":"publish","type":"post","link":"https:\/\/www.redenoticia.com.br\/noticia\/2015\/indice-que-serve-de-base-para-reajuste-de-aluguel-acumula-alta-de-316\/68525","title":{"rendered":"\u00cdndice que serve de base para reajuste de aluguel acumula alta de 3,16%"},"content":{"rendered":"<p> O <strong><em>\u00cdndice Geral de Pre\u00e7os do Mercado<\/em><\/strong> (IGP-M) encerrou o m\u00eas de mar\u00e7o com alta de 0,98%. A varia\u00e7\u00e3o ficou acima da registrada em fevereiro (0,27%) e abaixo da registrada no mesmo per\u00edodo do ano passado (1,67%). Nos \u00faltimos 12 meses, a taxa acumula alta de 3,16%, que \u00e9 o \u00edndice utilizado como base de c\u00e1lculo em renova\u00e7\u00f5es de contrato de aluguel.<\/p>\n<p>O resultado refere-se \u00e0 coleta de pre\u00e7os feita entre 21 de fevereiro e 20 de mar\u00e7o. Dois componentes do IGP-M tiveram eleva\u00e7\u00f5es com taxas acima das registradas em fevereiro: o \u00cdndice de Pre\u00e7os ao Produtor Amplo (IPA), qe subiu de 0,09% para 0,92%, e o \u00cdndice de Pre\u00e7os ao Consumidor (IPC), que passou de 1,14% para 1,42%. O \u00cdndice Nacional de Custo da Constru\u00e7\u00e3o (INCC) apresentou decr\u00e9scimo, ao passar de 0,5% para 0,36%.<\/p>\n<p>Entre os itens do IPA que mais influenciaram o avan\u00e7o est\u00e3o as commodities (produtos prim\u00e1rios com cota\u00e7\u00f5es no mercado internacional). Em m\u00e9dia, as mat\u00e9rias-primas brutas aumentaram 2,02% revertendo o movimento de queda registrado em fevereiro (-1,32%). As maiores altas ocorreram nos seguintes produtos: soja em gr\u00e3o (de -6,39% para 8,30%); min\u00e9rio de ferro (de -3,52% para 1,19%) e milho em gr\u00e3o (de -1,08% para 3,75%).<\/p>\n<p>Em compensa\u00e7\u00e3o, ca\u00edram os pre\u00e7os da mandioca (de 10,94% para -1,31%) e do caf\u00e9 em gr\u00e3o (de 1,50% para -3,23%). A infla\u00e7\u00e3o do algod\u00e3o em caro\u00e7o diminuiu a intensidade de alta (de 6,41% para 0,49%).<\/p>\n<p>Em rela\u00e7\u00e3o ao IPC, tr\u00eas dos oito grupos pesquisados apresentaram eleva\u00e7\u00f5es, com destaque para habita\u00e7\u00e3o (de 1,19% para 2,93%), influenciado pela tarifa de eletricidade residencial (de 3,68% para 16,84%).<\/p>\n<p>Quanto ao INCC, a maior press\u00e3o foi exercida pelo aumento m\u00e9dio da m\u00e3o de obra (de 0,26% para 0,31%). Os pre\u00e7os dos materiais, equipamentos e servi\u00e7os perderam for\u00e7a, com alta de 0,41%, taxa menor do que a registrada em fevereiro (0,77%).<\/p>\n<p>Marli Moreira \u2013 Rep\u00f3rter da Ag\u00eancia Brasil<br \/>\nEdi\u00e7\u00e3o: Denise Griesinger<\/p>\n","protected":false},"excerpt":{"rendered":"<p>O \u00cdndice Geral de Pre\u00e7os do Mercado (IGP-M) encerrou o m\u00eas de mar\u00e7o com alta de 0,98%. A varia\u00e7\u00e3o ficou acima da registrada em fevereiro (0,27%) e abaixo da registrada no mesmo per\u00edodo do ano passado (1,67%). Nos \u00faltimos 12 meses, a taxa acumula alta de 3,16%, que \u00e9 o \u00edndice utilizado como base de [&hellip;]<\/p>\n","protected":false},"author":2,"featured_media":38940,"comment_status":"open","ping_status":"closed","sticky":false,"template":"","format":"standard","meta":{"_genesis_hide_title":false,"_genesis_hide_breadcrumbs":false,"_genesis_hide_singular_image":false,"_genesis_hide_footer_widgets":false,"_genesis_custom_body_class":"","_genesis_custom_post_class":"","_genesis_layout":"","_jetpack_memberships_contains_paid_content":false,"footnotes":""},"categories":[22,7],"tags":[],"class_list":{"0":"post-68525","1":"post","2":"type-post","3":"status-publish","4":"format-standard","5":"has-post-thumbnail","7":"category-brasil","8":"category-economia","9":"entry","10":"gs-1","11":"gs-odd","12":"gs-even","13":"gs-featured-content-entry"},"jetpack_featured_media_url":"https:\/\/www.redenoticia.com.br\/noticia\/imagens\/grafico.jpg","jetpack_sharing_enabled":true,"jetpack_likes_enabled":true,"_links":{"self":[{"href":"https:\/\/www.redenoticia.com.br\/noticia\/wp-json\/wp\/v2\/posts\/68525","targetHints":{"allow":["GET"]}}],"collection":[{"href":"https:\/\/www.redenoticia.com.br\/noticia\/wp-json\/wp\/v2\/posts"}],"about":[{"href":"https:\/\/www.redenoticia.com.br\/noticia\/wp-json\/wp\/v2\/types\/post"}],"author":[{"embeddable":true,"href":"https:\/\/www.redenoticia.com.br\/noticia\/wp-json\/wp\/v2\/users\/2"}],"replies":[{"embeddable":true,"href":"https:\/\/www.redenoticia.com.br\/noticia\/wp-json\/wp\/v2\/comments?post=68525"}],"version-history":[{"count":0,"href":"https:\/\/www.redenoticia.com.br\/noticia\/wp-json\/wp\/v2\/posts\/68525\/revisions"}],"wp:featuredmedia":[{"embeddable":true,"href":"https:\/\/www.redenoticia.com.br\/noticia\/wp-json\/wp\/v2\/media\/38940"}],"wp:attachment":[{"href":"https:\/\/www.redenoticia.com.br\/noticia\/wp-json\/wp\/v2\/media?parent=68525"}],"wp:term":[{"taxonomy":"category","embeddable":true,"href":"https:\/\/www.redenoticia.com.br\/noticia\/wp-json\/wp\/v2\/categories?post=68525"},{"taxonomy":"post_tag","embeddable":true,"href":"https:\/\/www.redenoticia.com.br\/noticia\/wp-json\/wp\/v2\/tags?post=68525"}],"curies":[{"name":"wp","href":"https:\/\/api.w.org\/{rel}","templated":true}]}}