{"id":68523,"date":"2015-03-30T16:28:21","date_gmt":"2015-03-30T19:28:21","guid":{"rendered":"http:\/\/www.redenoticia.com.br\/noticia\/?p=68523"},"modified":"2015-03-30T16:28:21","modified_gmt":"2015-03-30T19:28:21","slug":"fies-passa-a-exigir-media-minima-no-enem","status":"publish","type":"post","link":"https:\/\/www.redenoticia.com.br\/noticia\/2015\/fies-passa-a-exigir-media-minima-no-enem\/68523","title":{"rendered":"Fies passa a exigir m\u00e9dia m\u00ednima no Enem"},"content":{"rendered":"<p>O estudante que tiver m\u00e9dia inferior a 450 pontos nas provas do Exame Nacional do Ensino M\u00e9dio (Enem) n\u00e3o poder\u00e1 se inscrever para uma bolsa do Fundo de Financiamento Estudantil (<strong><em>Fies<\/em><\/strong>). Al\u00e9m da m\u00e9dia m\u00ednima, o candidato n\u00e3o pode ter nota zero na reda\u00e7\u00e3o. As inscri\u00e7\u00f5es v\u00e3o at\u00e9 o dia 30 de abril.<\/p>\n<p>Em fevereiro, foram abertas as inscri\u00e7\u00f5es para novas ades\u00f5es ao Fies, mas sem a obrigatoriedade da nota m\u00ednima. Era preciso apenas ter feito o Enem para solicitar o financiamento. N\u00e3o est\u00e3o sujeitos a essa regra os professores do quadro permanente da rede p\u00fablica matriculados em cursos de licenciatura, normal superior ou pedagogia.<\/p>\n<p> A regra de exigir a m\u00e9dia m\u00ednima no Enem foi estabelecida em portaria do Minist\u00e9rio da Educa\u00e7\u00e3o, publicada em dezembro de 2014, e gerou descontentamento de estudantes e representantes de institui\u00e7\u00f5es privadas de ensino superior. Institui\u00e7\u00f5es estimam que a mudan\u00e7a reduzir\u00e1 em pelo menos 20% o n\u00famero de contratos do Fies.<\/p>\n<p>A estudante Kamila Monteiro, de 18 anos, obteve m\u00e9dia de 426 pontos no Enem e conseguiu o contrato do Fies antes da aplica\u00e7\u00e3o da nova regra. Ela avalia que os estudantes de escola p\u00fablica como ela ser\u00e3o prejudicados com a mudan\u00e7a.<\/p>\n<p>\u201cDizem que \u00e9 para melhorar a qualidade do ensino, mas quem est\u00e1 em escola p\u00fablica tem dificuldade para fazer a prova do Enem. Ent\u00e3o, \u00e9 preciso come\u00e7ar melhorando a qualidade do ensino m\u00e9dio e n\u00e3o dificultar a entrada no ensino superior\u201d, diz Kamila, que vai cursar psicologia em uma institui\u00e7\u00e3o de S\u00e3o Paulo.<\/p>\n<p>O Minist\u00e9rio da Educa\u00e7\u00e3o descarta a possibilidade de abrir m\u00e3o da exig\u00eancia. Segundo a pasta, a mudan\u00e7a foi feita em prol da qualidade do ensino superior e o di\u00e1logo com as entidades \u00e9 permanente.<\/p>\n<p>O Fies financia de 50% a 100% das mensalidades, dependendo da renda familiar mensal bruta. \u00c9 destinado a alunos matriculados em cursos superiores presenciais n\u00e3o gratuitos, oferecidos por institui\u00e7\u00f5es cadastradas no programa e que tenham obtido resultados positivos nas avalia\u00e7\u00f5es do Sistema Nacional de Avalia\u00e7\u00e3o da Educa\u00e7\u00e3o Superior.<\/p>\n<p>Entre as mudan\u00e7as feitas pelo minist\u00e9rio no Fies est\u00e3o tamb\u00e9m a altera\u00e7\u00e3o de 12 para oito no n\u00famero de parcelas de repasse de recursos para as institui\u00e7\u00f5es privadas e percentual m\u00e1ximo de reajuste para mensalidades no caso de aditamentos de contratos.<\/p>\n<p>Yara Aquino &#8211; Rep\u00f3rter da Ag\u00eancia Brasil<br \/>\nEdi\u00e7\u00e3o: Val\u00e9ria Aguiar<\/p>\n","protected":false},"excerpt":{"rendered":"<p>O estudante que tiver m\u00e9dia inferior a 450 pontos nas provas do Exame Nacional do Ensino M\u00e9dio (Enem) n\u00e3o poder\u00e1 se inscrever para uma bolsa do Fundo de Financiamento Estudantil (Fies). Al\u00e9m da m\u00e9dia m\u00ednima, o candidato n\u00e3o pode ter nota zero na reda\u00e7\u00e3o. As inscri\u00e7\u00f5es v\u00e3o at\u00e9 o dia 30 de abril. Em fevereiro, [&hellip;]<\/p>\n","protected":false},"author":2,"featured_media":26465,"comment_status":"open","ping_status":"closed","sticky":false,"template":"","format":"standard","meta":{"_genesis_hide_title":false,"_genesis_hide_breadcrumbs":false,"_genesis_hide_singular_image":false,"_genesis_hide_footer_widgets":false,"_genesis_custom_body_class":"","_genesis_custom_post_class":"","_genesis_layout":"","_jetpack_memberships_contains_paid_content":false,"footnotes":""},"categories":[22],"tags":[],"class_list":{"0":"post-68523","1":"post","2":"type-post","3":"status-publish","4":"format-standard","5":"has-post-thumbnail","7":"category-brasil","8":"entry","9":"gs-1","10":"gs-odd","11":"gs-even","12":"gs-featured-content-entry"},"jetpack_featured_media_url":"https:\/\/www.redenoticia.com.br\/noticia\/imagens\/fies-financiamento-estudantil-inscricao-resultado.jpg","jetpack_sharing_enabled":true,"jetpack_likes_enabled":true,"_links":{"self":[{"href":"https:\/\/www.redenoticia.com.br\/noticia\/wp-json\/wp\/v2\/posts\/68523","targetHints":{"allow":["GET"]}}],"collection":[{"href":"https:\/\/www.redenoticia.com.br\/noticia\/wp-json\/wp\/v2\/posts"}],"about":[{"href":"https:\/\/www.redenoticia.com.br\/noticia\/wp-json\/wp\/v2\/types\/post"}],"author":[{"embeddable":true,"href":"https:\/\/www.redenoticia.com.br\/noticia\/wp-json\/wp\/v2\/users\/2"}],"replies":[{"embeddable":true,"href":"https:\/\/www.redenoticia.com.br\/noticia\/wp-json\/wp\/v2\/comments?post=68523"}],"version-history":[{"count":0,"href":"https:\/\/www.redenoticia.com.br\/noticia\/wp-json\/wp\/v2\/posts\/68523\/revisions"}],"wp:featuredmedia":[{"embeddable":true,"href":"https:\/\/www.redenoticia.com.br\/noticia\/wp-json\/wp\/v2\/media\/26465"}],"wp:attachment":[{"href":"https:\/\/www.redenoticia.com.br\/noticia\/wp-json\/wp\/v2\/media?parent=68523"}],"wp:term":[{"taxonomy":"category","embeddable":true,"href":"https:\/\/www.redenoticia.com.br\/noticia\/wp-json\/wp\/v2\/categories?post=68523"},{"taxonomy":"post_tag","embeddable":true,"href":"https:\/\/www.redenoticia.com.br\/noticia\/wp-json\/wp\/v2\/tags?post=68523"}],"curies":[{"name":"wp","href":"https:\/\/api.w.org\/{rel}","templated":true}]}}