{"id":68517,"date":"2015-03-30T16:18:19","date_gmt":"2015-03-30T19:18:19","guid":{"rendered":"http:\/\/www.redenoticia.com.br\/noticia\/?p=68517"},"modified":"2015-03-30T16:18:19","modified_gmt":"2015-03-30T19:18:19","slug":"caracteristicas-deste-outono","status":"publish","type":"post","link":"https:\/\/www.redenoticia.com.br\/noticia\/2015\/caracteristicas-deste-outono\/68517","title":{"rendered":"Caracter\u00edsticas deste Outono"},"content":{"rendered":"<p> O <strong><em>Outono<\/em><\/strong> come\u00e7ou no \u00faltimo dia 20 de mar\u00e7o \u00e0s 19:45h e se estender\u00e1 at\u00e9 o dia 13:38h do dia 21 de junho. \u00c9 caracterizado por uma esta\u00e7\u00e3o de transi\u00e7\u00e3o entre o ver\u00e3o, normalmente quente e \u00famido, e o inverno frio e seco. Aos poucos, os sistemas meteorol\u00f3gicos do ver\u00e3o, tais como processos convectivos devido ao forte calor e alta umidade, \u00e1reas de instabilidade e Zona de Converg\u00eancia do Atl\u00e2ntico Sul, deixam de atuar, mas ainda podem ser registrados em algumas localidades no primeiro m\u00eas da esta\u00e7\u00e3o.<\/p>\n<p>Ao longo da esta\u00e7\u00e3o, as entradas de massas de ar frio oriundas de latitudes mais altas, provocam queda nas temperaturas especialmente no Sul e Sudeste do pa\u00eds e trazem um ar mais seco. Em algumas localidades do Sul e das serras do Sudeste, podem ocorrer geadas, especialmente a partir de maio. Os nevoeiros tamb\u00e9m come\u00e7am a ser observados ao longo da esta\u00e7\u00e3o devido ao resfriamento noturno e invers\u00e3o t\u00e9rmica nessas regi\u00f5es.<\/p>\n<p>Assim, observa-se redu\u00e7\u00e3o na precipita\u00e7\u00e3o em boa parte do pa\u00eds. Por outro lado, a chuva fica mais intensa na faixa norte da Regi\u00e3o Norte e da Regi\u00e3o Nordeste. No litoral nordestino, se inicia a esta\u00e7\u00e3o chuvosa.<\/p>\n<p>As temperaturas sofrem redu\u00e7\u00e3o gradativa ao longo da esta\u00e7\u00e3o, com m\u00e1ximas entre 18\u00b0C e 28\u00b0C no centro-sul e m\u00ednimas entre 12\u00b0C e 18\u00b0C (inferiores a 10\u00b0C nas serras). No Norte e Nordeste do pa\u00eds as temperaturas m\u00ednimas ficam em torno de 22\u00b0C e m\u00e1xima em torno de 32\u00b0C.<\/p>\n<p>Para mais informa\u00e7\u00f5es, acesse o link <\/p>\n","protected":false},"excerpt":{"rendered":"<p>O Outono come\u00e7ou no \u00faltimo dia 20 de mar\u00e7o \u00e0s 19:45h e se estender\u00e1 at\u00e9 o dia 13:38h do dia 21 de junho. \u00c9 caracterizado por uma esta\u00e7\u00e3o de transi\u00e7\u00e3o entre o ver\u00e3o, normalmente quente e \u00famido, e o inverno frio e seco. Aos poucos, os sistemas meteorol\u00f3gicos do ver\u00e3o, tais como processos convectivos devido [&hellip;]<\/p>\n","protected":false},"author":2,"featured_media":28409,"comment_status":"open","ping_status":"closed","sticky":false,"template":"","format":"standard","meta":{"_genesis_hide_title":false,"_genesis_hide_breadcrumbs":false,"_genesis_hide_singular_image":false,"_genesis_hide_footer_widgets":false,"_genesis_custom_body_class":"","_genesis_custom_post_class":"","_genesis_layout":"","_jetpack_memberships_contains_paid_content":false,"footnotes":""},"categories":[22],"tags":[],"class_list":{"0":"post-68517","1":"post","2":"type-post","3":"status-publish","4":"format-standard","5":"has-post-thumbnail","7":"category-brasil","8":"entry","9":"gs-1","10":"gs-odd","11":"gs-even","12":"gs-featured-content-entry"},"jetpack_featured_media_url":"https:\/\/www.redenoticia.com.br\/noticia\/imagens\/previsao-do-tempo-e-temperatura.jpg","jetpack_sharing_enabled":true,"jetpack_likes_enabled":true,"_links":{"self":[{"href":"https:\/\/www.redenoticia.com.br\/noticia\/wp-json\/wp\/v2\/posts\/68517","targetHints":{"allow":["GET"]}}],"collection":[{"href":"https:\/\/www.redenoticia.com.br\/noticia\/wp-json\/wp\/v2\/posts"}],"about":[{"href":"https:\/\/www.redenoticia.com.br\/noticia\/wp-json\/wp\/v2\/types\/post"}],"author":[{"embeddable":true,"href":"https:\/\/www.redenoticia.com.br\/noticia\/wp-json\/wp\/v2\/users\/2"}],"replies":[{"embeddable":true,"href":"https:\/\/www.redenoticia.com.br\/noticia\/wp-json\/wp\/v2\/comments?post=68517"}],"version-history":[{"count":0,"href":"https:\/\/www.redenoticia.com.br\/noticia\/wp-json\/wp\/v2\/posts\/68517\/revisions"}],"wp:featuredmedia":[{"embeddable":true,"href":"https:\/\/www.redenoticia.com.br\/noticia\/wp-json\/wp\/v2\/media\/28409"}],"wp:attachment":[{"href":"https:\/\/www.redenoticia.com.br\/noticia\/wp-json\/wp\/v2\/media?parent=68517"}],"wp:term":[{"taxonomy":"category","embeddable":true,"href":"https:\/\/www.redenoticia.com.br\/noticia\/wp-json\/wp\/v2\/categories?post=68517"},{"taxonomy":"post_tag","embeddable":true,"href":"https:\/\/www.redenoticia.com.br\/noticia\/wp-json\/wp\/v2\/tags?post=68517"}],"curies":[{"name":"wp","href":"https:\/\/api.w.org\/{rel}","templated":true}]}}