{"id":68429,"date":"2015-03-27T15:38:27","date_gmt":"2015-03-27T18:38:27","guid":{"rendered":"http:\/\/www.redenoticia.com.br\/noticia\/?p=68429"},"modified":"2015-03-27T15:38:27","modified_gmt":"2015-03-27T18:38:27","slug":"cnc-preve-queda-do-pib-de-1-em-2015","status":"publish","type":"post","link":"https:\/\/www.redenoticia.com.br\/noticia\/2015\/cnc-preve-queda-do-pib-de-1-em-2015\/68429","title":{"rendered":"CNC prev\u00ea queda do PIB de 1% em 2015"},"content":{"rendered":"<p> A Confedera\u00e7\u00e3o Nacional do Com\u00e9rcio de Bens, Servi\u00e7os e Turismo (CNC) projeta para 2015 <strong><em>queda no Produto Interno Bruto<\/em><\/strong> (PIB) de 1%. De acordo com a CNC, a queda deve se verificar devido baixos n\u00edveis de confian\u00e7a, associados \u00e0 deteriora\u00e7\u00e3o das condi\u00e7\u00f5es de consumo e investimentos.<\/p>\n<p>A economia brasileira cresceu 0,1% em 2014, na compara\u00e7\u00e3o com o ano anterior. O Produto Interno Bruto (PIB), soma de todos os bens e servi\u00e7os produzidos no pa\u00eds, fechou o ano em R$ 5,52 trilh\u00f5es, segundo dados divulgados pelo Instituto Brasileiro de Geografia e Estat\u00edstica (IBGE)<\/p>\n<p>O com\u00e9rcio no Produto Interno Bruto (PIB) teve queda de 1,8% em 2014. Essa \u00e9 a primeira queda desde 2009 (-2,4%), quando o Brasil ainda se ressentia dos efeitos da \u00faltima grande crise financeira internacional, segundo a CNC.<\/p>\n<p>De acordo com a CNC, a ind\u00fastria deve cair este ano 2,4%. Os servi\u00e7os, conforme a entidade, deve ter redu\u00e7\u00e3o de 0,2%.<\/p>\n<p>O volume de vendas do com\u00e9rcio varejista teve alta de 2,2% \u2013 o pior resultado desde 2003, quando houve queda de 3,7%. \u201cComparado ao trimestre imediatamente anterior, o PIB da atividade comercial caiu pelo terceiro trimestre consecutivo, registrando varia\u00e7\u00e3o de -2,9% \u2013 o pior desempenho de todos os setores discriminados pelas contas nacionais\u201d, disse o economista da CNC, Fabio Bentes.<\/p>\n<p>Dos tr\u00eas grandes setores econ\u00f4micos, o maior destaque foi o setor de servi\u00e7os, que responde por 71% do valor adicionado, registrando expans\u00e3o de 0,7%. No entanto, o avan\u00e7o do setor terci\u00e1rio foi o pior resultado da nova s\u00e9rie hist\u00f3rica das contas nacionais recalculada a partir de 1996.<\/p>\n<p>A agropecu\u00e1ria registrou crescimento mais t\u00edmido, equivalente a 0,4%, principalmente considerando-se seu desempenho em 2013, quando alcan\u00e7ou crescimento de 7,9%. A ind\u00fastria caiu 1,2%, fato ocorrido pela primeira vez em cinco anos.<\/p>\n<p>Da Ag\u00eancia Brasil<br \/>\nEdi\u00e7\u00e3o: Jos\u00e9 Romildo<\/p>\n","protected":false},"excerpt":{"rendered":"<p>A Confedera\u00e7\u00e3o Nacional do Com\u00e9rcio de Bens, Servi\u00e7os e Turismo (CNC) projeta para 2015 queda no Produto Interno Bruto (PIB) de 1%. De acordo com a CNC, a queda deve se verificar devido baixos n\u00edveis de confian\u00e7a, associados \u00e0 deteriora\u00e7\u00e3o das condi\u00e7\u00f5es de consumo e investimentos. A economia brasileira cresceu 0,1% em 2014, na compara\u00e7\u00e3o [&hellip;]<\/p>\n","protected":false},"author":2,"featured_media":57583,"comment_status":"open","ping_status":"closed","sticky":false,"template":"","format":"standard","meta":{"_genesis_hide_title":false,"_genesis_hide_breadcrumbs":false,"_genesis_hide_singular_image":false,"_genesis_hide_footer_widgets":false,"_genesis_custom_body_class":"","_genesis_custom_post_class":"","_genesis_layout":"","_jetpack_memberships_contains_paid_content":false,"footnotes":""},"categories":[22,7],"tags":[],"class_list":{"0":"post-68429","1":"post","2":"type-post","3":"status-publish","4":"format-standard","5":"has-post-thumbnail","7":"category-brasil","8":"category-economia","9":"entry","10":"gs-1","11":"gs-odd","12":"gs-even","13":"gs-featured-content-entry"},"jetpack_featured_media_url":"https:\/\/www.redenoticia.com.br\/noticia\/imagens\/economia-grafico.jpg","jetpack_sharing_enabled":true,"jetpack_likes_enabled":true,"_links":{"self":[{"href":"https:\/\/www.redenoticia.com.br\/noticia\/wp-json\/wp\/v2\/posts\/68429","targetHints":{"allow":["GET"]}}],"collection":[{"href":"https:\/\/www.redenoticia.com.br\/noticia\/wp-json\/wp\/v2\/posts"}],"about":[{"href":"https:\/\/www.redenoticia.com.br\/noticia\/wp-json\/wp\/v2\/types\/post"}],"author":[{"embeddable":true,"href":"https:\/\/www.redenoticia.com.br\/noticia\/wp-json\/wp\/v2\/users\/2"}],"replies":[{"embeddable":true,"href":"https:\/\/www.redenoticia.com.br\/noticia\/wp-json\/wp\/v2\/comments?post=68429"}],"version-history":[{"count":0,"href":"https:\/\/www.redenoticia.com.br\/noticia\/wp-json\/wp\/v2\/posts\/68429\/revisions"}],"wp:featuredmedia":[{"embeddable":true,"href":"https:\/\/www.redenoticia.com.br\/noticia\/wp-json\/wp\/v2\/media\/57583"}],"wp:attachment":[{"href":"https:\/\/www.redenoticia.com.br\/noticia\/wp-json\/wp\/v2\/media?parent=68429"}],"wp:term":[{"taxonomy":"category","embeddable":true,"href":"https:\/\/www.redenoticia.com.br\/noticia\/wp-json\/wp\/v2\/categories?post=68429"},{"taxonomy":"post_tag","embeddable":true,"href":"https:\/\/www.redenoticia.com.br\/noticia\/wp-json\/wp\/v2\/tags?post=68429"}],"curies":[{"name":"wp","href":"https:\/\/api.w.org\/{rel}","templated":true}]}}