{"id":68427,"date":"2015-03-27T15:36:01","date_gmt":"2015-03-27T18:36:01","guid":{"rendered":"http:\/\/www.redenoticia.com.br\/noticia\/?p=68427"},"modified":"2015-03-27T15:36:01","modified_gmt":"2015-03-27T18:36:01","slug":"fiesp-estima-retracao-de-15-na-economia-e-espera-ano-de-dificuldades","status":"publish","type":"post","link":"https:\/\/www.redenoticia.com.br\/noticia\/2015\/fiesp-estima-retracao-de-15-na-economia-e-espera-ano-de-dificuldades\/68427","title":{"rendered":"Fiesp estima retra\u00e7\u00e3o de 1,5% na economia e espera ano de dificuldades"},"content":{"rendered":"<p> A Federa\u00e7\u00e3o das Ind\u00fastrias do Estado de S\u00e3o Paulo (Fiesp) avalia que <strong><em>2015 ser\u00e1 um ano de dificuldades<\/em><\/strong>. Com base no Produto Interno Bruto (PIB, soma de todos os bens e servi\u00e7os produzidos no pa\u00eds) do ano passado, a Fiesp estimou retra\u00e7\u00e3o de 1,4% na economia brasileira em 2015. A economia do pa\u00eds ficou praticamente estagnada em 2014, crescendo apenas 0,1%, informou o Instituto Brasileiro de Geografia e Estat\u00edstica (IBGE).<\/p>\n<p> Para a ind\u00fastria de transforma\u00e7\u00e3o, a Fiesp prev\u00ea queda de 4,9% no n\u00edvel de atividade em 2015. No ano passado, o PIB do setor caiu 3,8%. A ind\u00fastria foi um dos setores que contribu\u00edram para a queda do resultado da economia em 2014.<\/p>\n<p>\u201cEstamos vivendo um conjunto de m\u00e1s not\u00edcias: aumento do desemprego, restri\u00e7\u00e3o de cr\u00e9dito no mercado, inadimpl\u00eancia, queda dos neg\u00f3cios, falta de contrata\u00e7\u00e3o de obras, o n\u00e3o pagamento de fornecedores, Petrobras completamente parada, envolvimento das grandes construtoras na [Opera\u00e7\u00e3o] Lava Jato e, ainda, escassez de energia e \u00e1gua, ou seja, em meio a toda essa confus\u00e3o, a verdade \u00e9 que a somat\u00f3ria de tudo isso nos leva a crer que o ano de 2015 ser\u00e1 um ano s\u00f3 de dificuldades\u201d, diz, em nota, o presidente da Fiesp, Paulo Skaf.<\/p>\n<p>O presidente da entidade defende o corte de gastos pelo governo federal e a redu\u00e7\u00e3o do n\u00famero de minist\u00e9rios, como forma de adaptar o Or\u00e7amento ao momento de crise. \u201cEm 2015, o governo federal ter\u00e1 gastos de custeio da ordem de R$ 200 bilh\u00f5es. \u00c9 preciso cortar os excessos e fazer boas compras, aplicando o dinheiro p\u00fablico com a qualidade e efici\u00eancia que o momento exige\u201d, acrescenta Skaf.<\/p>\n<p>Daniel Mello &#8211; Rep\u00f3rter da Ag\u00eancia Brasil<br \/>\nEdi\u00e7\u00e3o: Jos\u00e9 Romildo<\/p>\n","protected":false},"excerpt":{"rendered":"<p>A Federa\u00e7\u00e3o das Ind\u00fastrias do Estado de S\u00e3o Paulo (Fiesp) avalia que 2015 ser\u00e1 um ano de dificuldades. Com base no Produto Interno Bruto (PIB, soma de todos os bens e servi\u00e7os produzidos no pa\u00eds) do ano passado, a Fiesp estimou retra\u00e7\u00e3o de 1,4% na economia brasileira em 2015. A economia do pa\u00eds ficou praticamente [&hellip;]<\/p>\n","protected":false},"author":2,"featured_media":57584,"comment_status":"open","ping_status":"closed","sticky":false,"template":"","format":"standard","meta":{"_genesis_hide_title":false,"_genesis_hide_breadcrumbs":false,"_genesis_hide_singular_image":false,"_genesis_hide_footer_widgets":false,"_genesis_custom_body_class":"","_genesis_custom_post_class":"","_genesis_layout":"","_jetpack_memberships_contains_paid_content":false,"footnotes":""},"categories":[22,7],"tags":[],"class_list":{"0":"post-68427","1":"post","2":"type-post","3":"status-publish","4":"format-standard","5":"has-post-thumbnail","7":"category-brasil","8":"category-economia","9":"entry","10":"gs-1","11":"gs-odd","12":"gs-even","13":"gs-featured-content-entry"},"jetpack_featured_media_url":"https:\/\/www.redenoticia.com.br\/noticia\/imagens\/economia-grafica-analise-inflacao.jpg","jetpack_sharing_enabled":true,"jetpack_likes_enabled":true,"_links":{"self":[{"href":"https:\/\/www.redenoticia.com.br\/noticia\/wp-json\/wp\/v2\/posts\/68427","targetHints":{"allow":["GET"]}}],"collection":[{"href":"https:\/\/www.redenoticia.com.br\/noticia\/wp-json\/wp\/v2\/posts"}],"about":[{"href":"https:\/\/www.redenoticia.com.br\/noticia\/wp-json\/wp\/v2\/types\/post"}],"author":[{"embeddable":true,"href":"https:\/\/www.redenoticia.com.br\/noticia\/wp-json\/wp\/v2\/users\/2"}],"replies":[{"embeddable":true,"href":"https:\/\/www.redenoticia.com.br\/noticia\/wp-json\/wp\/v2\/comments?post=68427"}],"version-history":[{"count":0,"href":"https:\/\/www.redenoticia.com.br\/noticia\/wp-json\/wp\/v2\/posts\/68427\/revisions"}],"wp:featuredmedia":[{"embeddable":true,"href":"https:\/\/www.redenoticia.com.br\/noticia\/wp-json\/wp\/v2\/media\/57584"}],"wp:attachment":[{"href":"https:\/\/www.redenoticia.com.br\/noticia\/wp-json\/wp\/v2\/media?parent=68427"}],"wp:term":[{"taxonomy":"category","embeddable":true,"href":"https:\/\/www.redenoticia.com.br\/noticia\/wp-json\/wp\/v2\/categories?post=68427"},{"taxonomy":"post_tag","embeddable":true,"href":"https:\/\/www.redenoticia.com.br\/noticia\/wp-json\/wp\/v2\/tags?post=68427"}],"curies":[{"name":"wp","href":"https:\/\/api.w.org\/{rel}","templated":true}]}}