{"id":68423,"date":"2015-03-27T15:30:56","date_gmt":"2015-03-27T18:30:56","guid":{"rendered":"http:\/\/www.redenoticia.com.br\/noticia\/?p=68423"},"modified":"2015-03-27T15:30:56","modified_gmt":"2015-03-27T18:30:56","slug":"pib-per-capita-brasileiro-cai-07-em-2014","status":"publish","type":"post","link":"https:\/\/www.redenoticia.com.br\/noticia\/2015\/pib-per-capita-brasileiro-cai-07-em-2014\/68423","title":{"rendered":"PIB per capita brasileiro cai 0,7% em 2014"},"content":{"rendered":"<p> O Produto Interno Bruto <strong><em>(PIB) per capita brasileiro<\/em><\/strong> caiu 0,7% na passagem de 2013 para 2014. O PIB per capita \u00e9 um c\u00e1lculo que leva em considera\u00e7\u00e3o o tamanho da economia brasileira em rela\u00e7\u00e3o \u00e0 popula\u00e7\u00e3o.<\/p>\n<p>O PIB, soma de todos os bens e servi\u00e7os produzidos no pa\u00eds, cresceu 0,1%, mas como a popula\u00e7\u00e3o brasileira teve um crescimento maior que o da economia, o PIB per capita acabou tendo desempenho negativo, fechando 2014 em um valor de R$ 27.229.<\/p>\n<p>Os dados foram divulgados pelo Instituto Brasileiro de Geografia e Estat\u00edstica (IBGE), considerando a nova metodologia internacional adotada pelo instituto. Em 2013, o PIB per capita havia crescido 1,8% em rela\u00e7\u00e3o a 2012.<\/p>\n<p>Vitor Abdala \u2013 Rep\u00f3rter da Ag\u00eancia Brasil<br \/>\nEdi\u00e7\u00e3o: Jos\u00e9 Romildo<\/p>\n<p>&#8212;<br \/>\nA Empresa Brasil de Comunica\u00e7\u00e3o \u00e9 uma institui\u00e7\u00e3o da democracia brasileira: p\u00fablica, inclusiva e cidad\u00e3.  Criada em 2007 para fortalecer o sistema p\u00fablico de comunica\u00e7\u00e3o, \u00e9 gestora dos canais TV Brasil, TV Brasil Internacional, Ag\u00eancia Brasil, Radioag\u00eancia Nacional e do sistema p\u00fablico de R\u00e1dio \u2013 composto por oito emissoras. Estes, por sua independ\u00eancia editorial, distinguem-se dos canais estatais ou governamentais, com conte\u00fados diferenciados e complementares aos canais privados.<br \/>\nOs ve\u00edculos da EBC t\u00eam autonomia para definir produ\u00e7\u00e3o, programa\u00e7\u00e3o e distribui\u00e7\u00e3o de conte\u00fados.<\/p>\n","protected":false},"excerpt":{"rendered":"<p>O Produto Interno Bruto (PIB) per capita brasileiro caiu 0,7% na passagem de 2013 para 2014. O PIB per capita \u00e9 um c\u00e1lculo que leva em considera\u00e7\u00e3o o tamanho da economia brasileira em rela\u00e7\u00e3o \u00e0 popula\u00e7\u00e3o. O PIB, soma de todos os bens e servi\u00e7os produzidos no pa\u00eds, cresceu 0,1%, mas como a popula\u00e7\u00e3o brasileira [&hellip;]<\/p>\n","protected":false},"author":2,"featured_media":40636,"comment_status":"open","ping_status":"closed","sticky":false,"template":"","format":"standard","meta":{"_genesis_hide_title":false,"_genesis_hide_breadcrumbs":false,"_genesis_hide_singular_image":false,"_genesis_hide_footer_widgets":false,"_genesis_custom_body_class":"","_genesis_custom_post_class":"","_genesis_layout":"","_jetpack_memberships_contains_paid_content":false,"footnotes":""},"categories":[22,7],"tags":[],"class_list":{"0":"post-68423","1":"post","2":"type-post","3":"status-publish","4":"format-standard","5":"has-post-thumbnail","7":"category-brasil","8":"category-economia","9":"entry","10":"gs-1","11":"gs-odd","12":"gs-even","13":"gs-featured-content-entry"},"jetpack_featured_media_url":"https:\/\/www.redenoticia.com.br\/noticia\/imagens\/economia-analise.jpg","jetpack_sharing_enabled":true,"jetpack_likes_enabled":true,"_links":{"self":[{"href":"https:\/\/www.redenoticia.com.br\/noticia\/wp-json\/wp\/v2\/posts\/68423","targetHints":{"allow":["GET"]}}],"collection":[{"href":"https:\/\/www.redenoticia.com.br\/noticia\/wp-json\/wp\/v2\/posts"}],"about":[{"href":"https:\/\/www.redenoticia.com.br\/noticia\/wp-json\/wp\/v2\/types\/post"}],"author":[{"embeddable":true,"href":"https:\/\/www.redenoticia.com.br\/noticia\/wp-json\/wp\/v2\/users\/2"}],"replies":[{"embeddable":true,"href":"https:\/\/www.redenoticia.com.br\/noticia\/wp-json\/wp\/v2\/comments?post=68423"}],"version-history":[{"count":0,"href":"https:\/\/www.redenoticia.com.br\/noticia\/wp-json\/wp\/v2\/posts\/68423\/revisions"}],"wp:featuredmedia":[{"embeddable":true,"href":"https:\/\/www.redenoticia.com.br\/noticia\/wp-json\/wp\/v2\/media\/40636"}],"wp:attachment":[{"href":"https:\/\/www.redenoticia.com.br\/noticia\/wp-json\/wp\/v2\/media?parent=68423"}],"wp:term":[{"taxonomy":"category","embeddable":true,"href":"https:\/\/www.redenoticia.com.br\/noticia\/wp-json\/wp\/v2\/categories?post=68423"},{"taxonomy":"post_tag","embeddable":true,"href":"https:\/\/www.redenoticia.com.br\/noticia\/wp-json\/wp\/v2\/tags?post=68423"}],"curies":[{"name":"wp","href":"https:\/\/api.w.org\/{rel}","templated":true}]}}