{"id":68421,"date":"2015-03-27T15:28:28","date_gmt":"2015-03-27T18:28:28","guid":{"rendered":"http:\/\/www.redenoticia.com.br\/noticia\/?p=68421"},"modified":"2015-03-27T15:28:28","modified_gmt":"2015-03-27T18:28:28","slug":"indice-de-confianca-do-comercio-registra-quinta-queda-consecutiva-mostra-fgv","status":"publish","type":"post","link":"https:\/\/www.redenoticia.com.br\/noticia\/2015\/indice-de-confianca-do-comercio-registra-quinta-queda-consecutiva-mostra-fgv\/68421","title":{"rendered":"\u00cdndice de Confian\u00e7a do Com\u00e9rcio registra quinta queda consecutiva, mostra FGV"},"content":{"rendered":"<p> O <strong><em>\u00cdndice de Confian\u00e7a do Com\u00e9rcio<\/em><\/strong> (Icom) recuou 4,4% de fevereiro a mar\u00e7o deste ano, a quinta queda consecutiva, atingindo 92 pontos e representando o menor n\u00edvel da s\u00e9rie hist\u00f3rica iniciada em mar\u00e7o de 2010. As informa\u00e7\u00f5es foram divulgadas pelo Instituto Brasileiro de Economia (Ibre) da Funda\u00e7\u00e3o Getulio Vargas (FGV).<\/p>\n<p>Os dados indicam que a queda do Icom em mar\u00e7o foi determinada pela piora da percep\u00e7\u00e3o dos empres\u00e1rios em rela\u00e7\u00e3o ao momento atual, com o \u00cdndice da Situa\u00e7\u00e3o Atual &#8211; que retrata a percep\u00e7\u00e3o em rela\u00e7\u00e3o \u00e0 demanda \u2013 recuando 8,8%. A queda representa 69,1 pontos, o menor n\u00edvel da s\u00e9rie. O \u00cdndice de Expectativas recuou 1,5% e tamb\u00e9m atingiu o m\u00ednimo hist\u00f3rico \u2013 114,9 pontos.<\/p>\n<p>O superintendente adjunto para Ciclos Econ\u00f4micos da FGV, Aloisio Campelo Jr., disse que o setor vem se queixando do n\u00edvel fraco da demanda e se preocupa com o estado geral da economia, com o ambiente pol\u00edtico e com a queda forte da confian\u00e7a do consumidor neste in\u00edcio de ano. \u201cAs expectativas em rela\u00e7\u00e3o aos pr\u00f3ximos meses baixaram pouco em rela\u00e7\u00e3o a fevereiro, mas o suficiente para levar o \u00cdndice de Expectativas ao novo recorde negativo.\u201d <\/p>\n<p>Na avalia\u00e7\u00e3o da FGV, a piora atingiu os dois componentes do \u00cdndice de Expectativas, com maior influ\u00eancia exercida pelo que mede o otimismo. Com as vendas nos tr\u00eas meses seguintes,  o \u00edndice, que chegou a recuar 2,2% em rela\u00e7\u00e3o ao m\u00eas anterior, passaou de 117,8 pontos para 115,2 pontos de fevereiro a mar\u00e7o, representando o menor patamar da s\u00e9rie.<\/p>\n<p>O indicador que mede o grau de otimismo em rela\u00e7\u00e3o \u00e0 situa\u00e7\u00e3o dos neg\u00f3cios para os seis meses seguintes caiu 0,8%, passando de 115,4 pontos para 114,5 pontos na mesma base de compara\u00e7\u00e3o, tamb\u00e9m atingindo o m\u00ednimo hist\u00f3rico.<\/p>\n<p>A edi\u00e7\u00e3o de mar\u00e7o de 2015 coletou informa\u00e7\u00f5es de 1.215 empresas de 3 a 24 deste m\u00eas. A pr\u00f3xima divulga\u00e7\u00e3o da Sondagem do Com\u00e9rcio ocorrer\u00e1 em 28 de abril de 2015.<\/p>\n<p>Nielmar de Oliveira &#8211; Rep\u00f3rter da Ag\u00eancia Brasil<br \/>\nEdi\u00e7\u00e3o: Val\u00e9ria Aguiar<\/p>\n","protected":false},"excerpt":{"rendered":"<p>O \u00cdndice de Confian\u00e7a do Com\u00e9rcio (Icom) recuou 4,4% de fevereiro a mar\u00e7o deste ano, a quinta queda consecutiva, atingindo 92 pontos e representando o menor n\u00edvel da s\u00e9rie hist\u00f3rica iniciada em mar\u00e7o de 2010. As informa\u00e7\u00f5es foram divulgadas pelo Instituto Brasileiro de Economia (Ibre) da Funda\u00e7\u00e3o Getulio Vargas (FGV). Os dados indicam que a [&hellip;]<\/p>\n","protected":false},"author":2,"featured_media":40517,"comment_status":"open","ping_status":"closed","sticky":false,"template":"","format":"standard","meta":{"_genesis_hide_title":false,"_genesis_hide_breadcrumbs":false,"_genesis_hide_singular_image":false,"_genesis_hide_footer_widgets":false,"_genesis_custom_body_class":"","_genesis_custom_post_class":"","_genesis_layout":"","_jetpack_memberships_contains_paid_content":false,"footnotes":""},"categories":[22,7],"tags":[],"class_list":{"0":"post-68421","1":"post","2":"type-post","3":"status-publish","4":"format-standard","5":"has-post-thumbnail","7":"category-brasil","8":"category-economia","9":"entry","10":"gs-1","11":"gs-odd","12":"gs-even","13":"gs-featured-content-entry"},"jetpack_featured_media_url":"https:\/\/www.redenoticia.com.br\/noticia\/imagens\/economia-previsao.jpg","jetpack_sharing_enabled":true,"jetpack_likes_enabled":true,"_links":{"self":[{"href":"https:\/\/www.redenoticia.com.br\/noticia\/wp-json\/wp\/v2\/posts\/68421","targetHints":{"allow":["GET"]}}],"collection":[{"href":"https:\/\/www.redenoticia.com.br\/noticia\/wp-json\/wp\/v2\/posts"}],"about":[{"href":"https:\/\/www.redenoticia.com.br\/noticia\/wp-json\/wp\/v2\/types\/post"}],"author":[{"embeddable":true,"href":"https:\/\/www.redenoticia.com.br\/noticia\/wp-json\/wp\/v2\/users\/2"}],"replies":[{"embeddable":true,"href":"https:\/\/www.redenoticia.com.br\/noticia\/wp-json\/wp\/v2\/comments?post=68421"}],"version-history":[{"count":0,"href":"https:\/\/www.redenoticia.com.br\/noticia\/wp-json\/wp\/v2\/posts\/68421\/revisions"}],"wp:featuredmedia":[{"embeddable":true,"href":"https:\/\/www.redenoticia.com.br\/noticia\/wp-json\/wp\/v2\/media\/40517"}],"wp:attachment":[{"href":"https:\/\/www.redenoticia.com.br\/noticia\/wp-json\/wp\/v2\/media?parent=68421"}],"wp:term":[{"taxonomy":"category","embeddable":true,"href":"https:\/\/www.redenoticia.com.br\/noticia\/wp-json\/wp\/v2\/categories?post=68421"},{"taxonomy":"post_tag","embeddable":true,"href":"https:\/\/www.redenoticia.com.br\/noticia\/wp-json\/wp\/v2\/tags?post=68421"}],"curies":[{"name":"wp","href":"https:\/\/api.w.org\/{rel}","templated":true}]}}