{"id":68419,"date":"2015-03-27T15:24:02","date_gmt":"2015-03-27T18:24:02","guid":{"rendered":"http:\/\/www.redenoticia.com.br\/noticia\/?p=68419"},"modified":"2015-03-27T15:24:02","modified_gmt":"2015-03-27T18:24:02","slug":"santa-feira-do-peixe-sp-comeca-nessa-segunda-feira-303","status":"publish","type":"post","link":"https:\/\/www.redenoticia.com.br\/noticia\/2015\/santa-feira-do-peixe-sp-comeca-nessa-segunda-feira-303\/68419","title":{"rendered":"Santa Feira do Peixe SP come\u00e7a nessa segunda-feira (30\/3)"},"content":{"rendered":"<p>Tem in\u00edcio nessa segunda-feira (30\/3) a 10\u00aa edi\u00e7\u00e3o da <strong><em>Santa Feira do Peixe<\/em><\/strong>, promovida pela CEAGESP. A iniciativa, realizada tradicionalmente \u00e0s v\u00e9speras da Semana Santa, \u00e9 uma \u00f3tima op\u00e7\u00e3o para a prepara\u00e7\u00e3o da ceia de P\u00e1scoa. O evento, que vai at\u00e9 o dia 2\/4 (quinta-feira), tem no ca\u00e7\u00e3o a sua principal aposta para atrair o p\u00fablico \u2013 as postas ser\u00e3o vendidas a R$ 11,98 o quilo, valor abaixo do encontrado no mercado.<\/p>\n<p>A previs\u00e3o \u00e9 que os atacadistas da Santa Feira, que ocorre das 13h \u00e0s 21h, tragam outras promo\u00e7\u00f5es ao longo da semana. O objetivo \u00e9 mostrar \u00e0s pessoas a oferta de pescados que podem ser encontrados diariamente no entreposto. Al\u00e9m de peixes, camar\u00e3o e outros mariscos, quem comparecer poder\u00e1 conferir e tamb\u00e9m levar legumes e temperos, indispens\u00e1veis para completar a receita.<\/p>\n<p>Uma novidade criada especialmente para celebrar a 10\u00aa edi\u00e7\u00e3o da Santa Feira \u00e9 o espa\u00e7o gourmet. Pela primeira vez, o p\u00fablico poder\u00e1 fazer suas compras para a Semana Santa e se deliciar com um card\u00e1pio espec\u00edfico, elaborado pela Sampa Foods. A empresa, que responde pela gest\u00e3o gastron\u00f4mica do evento, \u00e9 a organizadora dos festivais de sopa e de pescado realizados anualmente na CEAGESP.<\/p>\n<p>COMEMORA\u00c7\u00c3O GOURMET \u2013 O menu ter\u00e1, entre outras op\u00e7\u00f5es, espetinho de meca, caldinho de sururu, sopa de mandioquinha com bacalhau, temakis de salm\u00e3o e kani-kama, ceviche de Saint Peter, paella marinera, acaraj\u00e9 e o tradicional bolinho de bacalhau. Quem preferir poder\u00e1 experimentar ainda uma boa ta\u00e7a de vinho ou doces vendidos por duas food bikes: A Pr\u00f3xima Ta\u00e7a, que tamb\u00e9m oferecer\u00e1 suco de uva, e a Brigadeir\u00f4, especializada em brigadeiros e beijinhos.<\/p>\n<p>Para atender melhor o p\u00fablico, o espa\u00e7o gourmet contar\u00e1 com cinco barracas tem\u00e1ticas, divididas por categorias, onde ser\u00e1 poss\u00edvel provar diversos tipos de atra\u00e7\u00f5es culin\u00e1rias. \u201cTeremos mesas e cadeiras para maior conforto das pessoas e em cada barraca haver\u00e1 uma equipe respons\u00e1vel pelo atendimento e preparo dos alimentos. Al\u00e9m disso, todos os procedimentos seguem o Manual de Boas Pr\u00e1ticas da Anvisa [Ag\u00eancia Nacional de Vigil\u00e2ncia Sanit\u00e1ria]\u201d, afirma Leandro Camini, respons\u00e1vel da Sampa Foods.<\/p>\n<p>A entrada da 10\u00aa Santa Feira do Peixe ser\u00e1 pelo Port\u00e3o 15, que fica na Rua Xavier Kraus (esquina com a Avenida Na\u00e7\u00f5es Unidas). Haver\u00e1 equipe de seguran\u00e7a e estacionamento no local para os visitantes (R$5,00). A iniciativa tem apoio da Associa\u00e7\u00e3o dos Comerciantes Atacadistas de Pescados do Estado de S\u00e3o Paulo (ACAPESP), dos permission\u00e1rios do Frigor\u00edfico de S\u00e3o Paulo (FRISP) e da Sampa Foods.<\/p>\n<p>SERVI\u00c7O<br \/>\n10\u00aa Santa Feira do Peixe<br \/>\nDe 30 de mar\u00e7o a 2 de abril<br \/>\nDas 13h \u00e0s 21h<br \/>\nP\u00e1tio do Pescado<br \/>\nCEAGESP \u2013 Port\u00e3o 15 (Rua Xavier Kraus esquina com a Avenida Na\u00e7\u00f5es Unidas)<br \/>\nEspa\u00e7o gourmet e estacionamento no local (R$ 5) para visitantes<\/p>\n<p> Coordenadoria de Comunica\u00e7\u00e3o e Marketing<\/p>\n","protected":false},"excerpt":{"rendered":"<p>Tem in\u00edcio nessa segunda-feira (30\/3) a 10\u00aa edi\u00e7\u00e3o da Santa Feira do Peixe, promovida pela CEAGESP. A iniciativa, realizada tradicionalmente \u00e0s v\u00e9speras da Semana Santa, \u00e9 uma \u00f3tima op\u00e7\u00e3o para a prepara\u00e7\u00e3o da ceia de P\u00e1scoa. O evento, que vai at\u00e9 o dia 2\/4 (quinta-feira), tem no ca\u00e7\u00e3o a sua principal aposta para atrair o [&hellip;]<\/p>\n","protected":false},"author":2,"featured_media":36615,"comment_status":"open","ping_status":"closed","sticky":false,"template":"","format":"standard","meta":{"_genesis_hide_title":false,"_genesis_hide_breadcrumbs":false,"_genesis_hide_singular_image":false,"_genesis_hide_footer_widgets":false,"_genesis_custom_body_class":"","_genesis_custom_post_class":"","_genesis_layout":"","_jetpack_memberships_contains_paid_content":false,"footnotes":""},"categories":[22],"tags":[],"class_list":{"0":"post-68419","1":"post","2":"type-post","3":"status-publish","4":"format-standard","5":"has-post-thumbnail","7":"category-brasil","8":"entry","9":"gs-1","10":"gs-odd","11":"gs-even","12":"gs-featured-content-entry"},"jetpack_featured_media_url":"https:\/\/www.redenoticia.com.br\/noticia\/imagens\/peixe-alimento.jpg","jetpack_sharing_enabled":true,"jetpack_likes_enabled":true,"_links":{"self":[{"href":"https:\/\/www.redenoticia.com.br\/noticia\/wp-json\/wp\/v2\/posts\/68419","targetHints":{"allow":["GET"]}}],"collection":[{"href":"https:\/\/www.redenoticia.com.br\/noticia\/wp-json\/wp\/v2\/posts"}],"about":[{"href":"https:\/\/www.redenoticia.com.br\/noticia\/wp-json\/wp\/v2\/types\/post"}],"author":[{"embeddable":true,"href":"https:\/\/www.redenoticia.com.br\/noticia\/wp-json\/wp\/v2\/users\/2"}],"replies":[{"embeddable":true,"href":"https:\/\/www.redenoticia.com.br\/noticia\/wp-json\/wp\/v2\/comments?post=68419"}],"version-history":[{"count":0,"href":"https:\/\/www.redenoticia.com.br\/noticia\/wp-json\/wp\/v2\/posts\/68419\/revisions"}],"wp:featuredmedia":[{"embeddable":true,"href":"https:\/\/www.redenoticia.com.br\/noticia\/wp-json\/wp\/v2\/media\/36615"}],"wp:attachment":[{"href":"https:\/\/www.redenoticia.com.br\/noticia\/wp-json\/wp\/v2\/media?parent=68419"}],"wp:term":[{"taxonomy":"category","embeddable":true,"href":"https:\/\/www.redenoticia.com.br\/noticia\/wp-json\/wp\/v2\/categories?post=68419"},{"taxonomy":"post_tag","embeddable":true,"href":"https:\/\/www.redenoticia.com.br\/noticia\/wp-json\/wp\/v2\/tags?post=68419"}],"curies":[{"name":"wp","href":"https:\/\/api.w.org\/{rel}","templated":true}]}}