{"id":68372,"date":"2015-03-26T15:44:30","date_gmt":"2015-03-26T18:44:30","guid":{"rendered":"http:\/\/www.redenoticia.com.br\/noticia\/?p=68372"},"modified":"2015-03-26T15:44:30","modified_gmt":"2015-03-26T18:44:30","slug":"aumenta-o-endividamento-das-familias-em-marco","status":"publish","type":"post","link":"https:\/\/www.redenoticia.com.br\/noticia\/2015\/aumenta-o-endividamento-das-familias-em-marco\/68372","title":{"rendered":"Aumenta o endividamento das fam\u00edlias em mar\u00e7o"},"content":{"rendered":"<p> O <strong><em>endividamento<\/em><\/strong> atingiu 59,6% das fam\u00edlias em mar\u00e7o deste ano, acima dos 57% registrados no m\u00eas passado. O \u00edndice, por\u00e9m, est\u00e1 abaixo do percentual de mar\u00e7o de 2014, quando 61% das pessoas se declararam endividadas. Os dados s\u00e3o da Pesquisa de Endividamento e Inadimpl\u00eancia do Consumidor (Peic), da Confedera\u00e7\u00e3o Nacional do Com\u00e9rcio de Bens, Servi\u00e7os e Turismo.<\/p>\n<p>O levantamento engloba as d\u00edvidas com cheque pr\u00e9-datado, cart\u00e3o de cr\u00e9dito, cheque especial, carn\u00ea de loja, empr\u00e9stimo pessoal ou presta\u00e7\u00e3o de carro e seguro.<\/p>\n<p>\u201cA modera\u00e7\u00e3o do crescimento do cr\u00e9dito para as fam\u00edlias e o perfil mais favor\u00e1vel de endividamento, concentrando-se em modalidades de risco mais baixo e prazos mais longos, melhoraram a percep\u00e7\u00e3o das fam\u00edlias em rela\u00e7\u00e3o ao endividamento\u201d, informa a CNC.<\/p>\n<p>De um m\u00eas para o outro, diminuiu \u2013  de 6,4% para 6,2% \u2013 o n\u00famero de fam\u00edlias que disseram \u201cn\u00e3o ter condi\u00e7\u00f5es de pagar suas contas ou d\u00edvidas\u201d. Por outro lado, subiu a propor\u00e7\u00e3o de fam\u00edlias com d\u00edvidas ou com contas em atraso, de 17,5% para 17,9%, mas menos que em mar\u00e7o de 2014.<\/p>\n<p>Em geral, o aumento do endividamento das fam\u00edlias, captado pela pesquisa da CNC, est\u00e1 relacionado ao n\u00famero daquelas que se declararam \u201cmuito endividadas\u201d, que passou de 9,7% para 10,6%. Entre as fam\u00edlias com d\u00edvidas, a parcela m\u00e9dia do dinheiro reservada ao pagamento de d\u00e9bitos caiu de 2014 para 2015, de 30,9% para 29,7%, enquanto 20,7% revelaram ter reservado para o pagamento de d\u00edvidas mais da metade da renda em mar\u00e7o deste ano.<\/p>\n<p>Segundo a CNC, o cart\u00e3o de cr\u00e9dito continua sendo o principal tipo de d\u00edvida: 73,4% das fam\u00edlias ficou endividada nesse tipo de financiamento.<\/p>\n<p>Isabela Vieira &#8211; Rep\u00f3rter da Ag\u00eancia Brasil<br \/>\nEdi\u00e7\u00e3o: Jos\u00e9 Romildo<\/p>\n","protected":false},"excerpt":{"rendered":"<p>O endividamento atingiu 59,6% das fam\u00edlias em mar\u00e7o deste ano, acima dos 57% registrados no m\u00eas passado. O \u00edndice, por\u00e9m, est\u00e1 abaixo do percentual de mar\u00e7o de 2014, quando 61% das pessoas se declararam endividadas. Os dados s\u00e3o da Pesquisa de Endividamento e Inadimpl\u00eancia do Consumidor (Peic), da Confedera\u00e7\u00e3o Nacional do Com\u00e9rcio de Bens, Servi\u00e7os [&hellip;]<\/p>\n","protected":false},"author":2,"featured_media":57584,"comment_status":"open","ping_status":"closed","sticky":false,"template":"","format":"standard","meta":{"_genesis_hide_title":false,"_genesis_hide_breadcrumbs":false,"_genesis_hide_singular_image":false,"_genesis_hide_footer_widgets":false,"_genesis_custom_body_class":"","_genesis_custom_post_class":"","_genesis_layout":"","_jetpack_memberships_contains_paid_content":false,"footnotes":""},"categories":[22,7],"tags":[],"class_list":{"0":"post-68372","1":"post","2":"type-post","3":"status-publish","4":"format-standard","5":"has-post-thumbnail","7":"category-brasil","8":"category-economia","9":"entry","10":"gs-1","11":"gs-odd","12":"gs-even","13":"gs-featured-content-entry"},"jetpack_featured_media_url":"https:\/\/www.redenoticia.com.br\/noticia\/imagens\/economia-grafica-analise-inflacao.jpg","jetpack_sharing_enabled":true,"jetpack_likes_enabled":true,"_links":{"self":[{"href":"https:\/\/www.redenoticia.com.br\/noticia\/wp-json\/wp\/v2\/posts\/68372","targetHints":{"allow":["GET"]}}],"collection":[{"href":"https:\/\/www.redenoticia.com.br\/noticia\/wp-json\/wp\/v2\/posts"}],"about":[{"href":"https:\/\/www.redenoticia.com.br\/noticia\/wp-json\/wp\/v2\/types\/post"}],"author":[{"embeddable":true,"href":"https:\/\/www.redenoticia.com.br\/noticia\/wp-json\/wp\/v2\/users\/2"}],"replies":[{"embeddable":true,"href":"https:\/\/www.redenoticia.com.br\/noticia\/wp-json\/wp\/v2\/comments?post=68372"}],"version-history":[{"count":0,"href":"https:\/\/www.redenoticia.com.br\/noticia\/wp-json\/wp\/v2\/posts\/68372\/revisions"}],"wp:featuredmedia":[{"embeddable":true,"href":"https:\/\/www.redenoticia.com.br\/noticia\/wp-json\/wp\/v2\/media\/57584"}],"wp:attachment":[{"href":"https:\/\/www.redenoticia.com.br\/noticia\/wp-json\/wp\/v2\/media?parent=68372"}],"wp:term":[{"taxonomy":"category","embeddable":true,"href":"https:\/\/www.redenoticia.com.br\/noticia\/wp-json\/wp\/v2\/categories?post=68372"},{"taxonomy":"post_tag","embeddable":true,"href":"https:\/\/www.redenoticia.com.br\/noticia\/wp-json\/wp\/v2\/tags?post=68372"}],"curies":[{"name":"wp","href":"https:\/\/api.w.org\/{rel}","templated":true}]}}