{"id":68370,"date":"2015-03-26T15:41:13","date_gmt":"2015-03-26T18:41:13","guid":{"rendered":"http:\/\/www.redenoticia.com.br\/noticia\/?p=68370"},"modified":"2015-03-26T15:41:13","modified_gmt":"2015-03-26T18:41:13","slug":"taxa-de-desemprego-aumentou-em-seis-regioes-metropolitanas","status":"publish","type":"post","link":"https:\/\/www.redenoticia.com.br\/noticia\/2015\/taxa-de-desemprego-aumentou-em-seis-regioes-metropolitanas\/68370","title":{"rendered":"Taxa de desemprego aumentou em seis regi\u00f5es metropolitanas"},"content":{"rendered":"<p> A <strong><em>taxa de desemprego<\/em><\/strong> aumentou em todas as seis regi\u00f5es metropolitanas analisadas pela Pesquisa Mensal de Emprego (PME), feita pelo Instituto Brasileiro de Geografia e Estat\u00edstica (IBGE). A maior taxa continuou sendo registrada em Salvador, que passou de 9% em fevereiro de 2014 para 10,8% no m\u00eas passado.<\/p>\n<p>O Rio de Janeiro apresentou a menor taxa de desemprego. Na capital fluminense, a taxa subiu de 3,9% para 4,2% no per\u00edodo. As demais regi\u00f5es metropolitanas tiveram as seguintes altas: Recife (passou de 6,4% para 7%), S\u00e3o Paulo (passou de 5,5% para 6,1%), Belo Horizonte (passou de 3,9% para 4,9%) e Porto Alegre (de 3,3% para 4,7%).<\/p>\n<p>A taxa m\u00e9dia nacional (das seis regi\u00f5es) passou de 5,1%, em fevereiro do ano passado, para 5,9% em fevereiro deste ano. \u201cEm 2014, tivemos uma estabilidade na popula\u00e7\u00e3o ocupada, sem expans\u00e3o ou retra\u00e7\u00e3o, e uma popula\u00e7\u00e3o desocupada que s\u00f3 ca\u00eda. A desocupa\u00e7\u00e3o n\u00e3o pressionava e nem havia dispensa. Mas, nos dois primeiros meses de 2015, o que a gente tem de comportamento \u00e9 a queda da popula\u00e7\u00e3o ocupada e o crescimento da popula\u00e7\u00e3o desocupada\u201d, disse a pesquisadora do IBGE Adriana Beringuy.<\/p>\n<p>A popula\u00e7\u00e3o ocupada, de 22,8 milh\u00f5es, manteve-se est\u00e1vel em rela\u00e7\u00e3o a fevereiro do ano passado, mas caiu 1% em rela\u00e7\u00e3o a janeiro deste ano. A popula\u00e7\u00e3o desocupada cresceu 14,1% em rela\u00e7\u00e3o a fevereiro de 2014 e 10,2% em rela\u00e7\u00e3o a janeiro deste ano.<\/p>\n<p>Entre os grupamentos de atividade, a popula\u00e7\u00e3o ocupada caiu em dois setores na compara\u00e7\u00e3o com fevereiro de 2014: ind\u00fastria (-7,1%) e constru\u00e7\u00e3o (-5,9%). A ind\u00fastria perdeu 259 mil postos de trabalho em um ano, sendo a maior parte na ind\u00fastria automobil\u00edstica (47 mil) e na ind\u00fastria de alimentos e bebidas (46 mil). Apenas em servi\u00e7os dom\u00e9sticos houve alta (7,1%).<\/p>\n<p>Na compara\u00e7\u00e3o com janeiro, houve queda apenas em outros servi\u00e7os (-3,7%). Esse grupamento perdeu 165 mil postos de trabalho, principalmente nos segmentos de servi\u00e7os pessoais, ou seja, manicures e cabeleireiros (70 mil), alojamento e alimenta\u00e7\u00e3o (34 mil) e transportes terrestres (30 mil).<\/p>\n<p>Os empregos com carteira assinada mantiveram-se est\u00e1veis em cerca de 11,5 milh\u00f5es de pessoas.<\/p>\n<p>Vitor Abdala \u2013 Rep\u00f3rter da Ag\u00eancia Brasil<br \/>\nEdi\u00e7\u00e3o: Jos\u00e9 Romildo<\/p>\n","protected":false},"excerpt":{"rendered":"<p>A taxa de desemprego aumentou em todas as seis regi\u00f5es metropolitanas analisadas pela Pesquisa Mensal de Emprego (PME), feita pelo Instituto Brasileiro de Geografia e Estat\u00edstica (IBGE). A maior taxa continuou sendo registrada em Salvador, que passou de 9% em fevereiro de 2014 para 10,8% no m\u00eas passado. O Rio de Janeiro apresentou a menor [&hellip;]<\/p>\n","protected":false},"author":2,"featured_media":38940,"comment_status":"open","ping_status":"closed","sticky":false,"template":"","format":"standard","meta":{"_genesis_hide_title":false,"_genesis_hide_breadcrumbs":false,"_genesis_hide_singular_image":false,"_genesis_hide_footer_widgets":false,"_genesis_custom_body_class":"","_genesis_custom_post_class":"","_genesis_layout":"","_jetpack_memberships_contains_paid_content":false,"footnotes":""},"categories":[22,7],"tags":[],"class_list":{"0":"post-68370","1":"post","2":"type-post","3":"status-publish","4":"format-standard","5":"has-post-thumbnail","7":"category-brasil","8":"category-economia","9":"entry","10":"gs-1","11":"gs-odd","12":"gs-even","13":"gs-featured-content-entry"},"jetpack_featured_media_url":"https:\/\/www.redenoticia.com.br\/noticia\/imagens\/grafico.jpg","jetpack_sharing_enabled":true,"jetpack_likes_enabled":true,"_links":{"self":[{"href":"https:\/\/www.redenoticia.com.br\/noticia\/wp-json\/wp\/v2\/posts\/68370","targetHints":{"allow":["GET"]}}],"collection":[{"href":"https:\/\/www.redenoticia.com.br\/noticia\/wp-json\/wp\/v2\/posts"}],"about":[{"href":"https:\/\/www.redenoticia.com.br\/noticia\/wp-json\/wp\/v2\/types\/post"}],"author":[{"embeddable":true,"href":"https:\/\/www.redenoticia.com.br\/noticia\/wp-json\/wp\/v2\/users\/2"}],"replies":[{"embeddable":true,"href":"https:\/\/www.redenoticia.com.br\/noticia\/wp-json\/wp\/v2\/comments?post=68370"}],"version-history":[{"count":0,"href":"https:\/\/www.redenoticia.com.br\/noticia\/wp-json\/wp\/v2\/posts\/68370\/revisions"}],"wp:featuredmedia":[{"embeddable":true,"href":"https:\/\/www.redenoticia.com.br\/noticia\/wp-json\/wp\/v2\/media\/38940"}],"wp:attachment":[{"href":"https:\/\/www.redenoticia.com.br\/noticia\/wp-json\/wp\/v2\/media?parent=68370"}],"wp:term":[{"taxonomy":"category","embeddable":true,"href":"https:\/\/www.redenoticia.com.br\/noticia\/wp-json\/wp\/v2\/categories?post=68370"},{"taxonomy":"post_tag","embeddable":true,"href":"https:\/\/www.redenoticia.com.br\/noticia\/wp-json\/wp\/v2\/tags?post=68370"}],"curies":[{"name":"wp","href":"https:\/\/api.w.org\/{rel}","templated":true}]}}