{"id":68368,"date":"2015-03-26T15:36:39","date_gmt":"2015-03-26T18:36:39","guid":{"rendered":"http:\/\/www.redenoticia.com.br\/noticia\/?p=68368"},"modified":"2015-03-26T15:36:39","modified_gmt":"2015-03-26T18:36:39","slug":"rendimento-real-do-trabalhador-tem-maior-queda-anual-em-quase-dez-anos","status":"publish","type":"post","link":"https:\/\/www.redenoticia.com.br\/noticia\/2015\/rendimento-real-do-trabalhador-tem-maior-queda-anual-em-quase-dez-anos\/68368","title":{"rendered":"Rendimento real do trabalhador tem maior queda anual em quase dez anos"},"content":{"rendered":"<p> O <strong><em>rendimento m\u00e9dio real habitual do trabalhador<\/em><\/strong> ficou em R$ 2.163,20 em fevereiro deste ano, uma queda de 0,5% em rela\u00e7\u00e3o a fevereiro do ano passado. Essa \u00e9 a primeira queda anual do rendimento desde outubro de 2011, quando retrocedeu 0,3%, e a maior queda desde maio de 2005, m\u00eas que registrou decl\u00ednio de 0,7%. Os dados s\u00e3o da Pesquisa Mensal de Emprego (PME), feita pelo Instituto Brasileiro de Geografia e Estat\u00edstica (IBGE).<\/p>\n<p>A PMD produz indicadores mensais sobre a for\u00e7a de trabalho, que permitem avaliar as flutua\u00e7\u00f5es e a tend\u00eancia, em m\u00e9dio e longo prazos, do mercado de trabalho.<\/p>\n<p>\u201cH\u00e1 muito tempo n\u00e3o h\u00e1 uma retra\u00e7\u00e3o do rendimento. Nesses dois \u00faltimos meses, a gente v\u00ea o aumento do indicador da infla\u00e7\u00e3o. Houve, de fato, uma retra\u00e7\u00e3o em fun\u00e7\u00e3o da infla\u00e7\u00e3o, para rendimentos em termos reais\u201d, disse a pesquisadora do IBGE Adriana Beringuy.<\/p>\n<p>O \u00cdndice Nacional de Pre\u00e7os ao Consumidor (INPC), utilizado para calcular o valor dos rendimentos em meses passados, acumulava taxa de 7,68% no per\u00edodo de 12 meses.<\/p>\n<p>A queda tamb\u00e9m pode ser explicada pela redu\u00e7\u00e3o dos postos de trabalho em setores que pagam mais, como a ind\u00fastria, que teve recuo de 7,1% no contingente de desocupados entre fevereiro deste ano e o mesmo per\u00edodo do ano passado.<\/p>\n<p>O rendimento teve queda ainda de 1,4% na compara\u00e7\u00e3o com o m\u00eas de janeiro.<\/p>\n<p>Vitor Abdala \u2013 Rep\u00f3rter da Ag\u00eancia Brasil<br \/>\nEdi\u00e7\u00e3o: Jos\u00e9 Romildo<\/p>\n","protected":false},"excerpt":{"rendered":"<p>O rendimento m\u00e9dio real habitual do trabalhador ficou em R$ 2.163,20 em fevereiro deste ano, uma queda de 0,5% em rela\u00e7\u00e3o a fevereiro do ano passado. Essa \u00e9 a primeira queda anual do rendimento desde outubro de 2011, quando retrocedeu 0,3%, e a maior queda desde maio de 2005, m\u00eas que registrou decl\u00ednio de 0,7%. [&hellip;]<\/p>\n","protected":false},"author":2,"featured_media":40734,"comment_status":"open","ping_status":"closed","sticky":false,"template":"","format":"standard","meta":{"_genesis_hide_title":false,"_genesis_hide_breadcrumbs":false,"_genesis_hide_singular_image":false,"_genesis_hide_footer_widgets":false,"_genesis_custom_body_class":"","_genesis_custom_post_class":"","_genesis_layout":"","_jetpack_memberships_contains_paid_content":false,"footnotes":""},"categories":[22,7],"tags":[],"class_list":{"0":"post-68368","1":"post","2":"type-post","3":"status-publish","4":"format-standard","5":"has-post-thumbnail","7":"category-brasil","8":"category-economia","9":"entry","10":"gs-1","11":"gs-odd","12":"gs-even","13":"gs-featured-content-entry"},"jetpack_featured_media_url":"https:\/\/www.redenoticia.com.br\/noticia\/imagens\/economia-resultados.jpg","jetpack_sharing_enabled":true,"jetpack_likes_enabled":true,"_links":{"self":[{"href":"https:\/\/www.redenoticia.com.br\/noticia\/wp-json\/wp\/v2\/posts\/68368","targetHints":{"allow":["GET"]}}],"collection":[{"href":"https:\/\/www.redenoticia.com.br\/noticia\/wp-json\/wp\/v2\/posts"}],"about":[{"href":"https:\/\/www.redenoticia.com.br\/noticia\/wp-json\/wp\/v2\/types\/post"}],"author":[{"embeddable":true,"href":"https:\/\/www.redenoticia.com.br\/noticia\/wp-json\/wp\/v2\/users\/2"}],"replies":[{"embeddable":true,"href":"https:\/\/www.redenoticia.com.br\/noticia\/wp-json\/wp\/v2\/comments?post=68368"}],"version-history":[{"count":0,"href":"https:\/\/www.redenoticia.com.br\/noticia\/wp-json\/wp\/v2\/posts\/68368\/revisions"}],"wp:featuredmedia":[{"embeddable":true,"href":"https:\/\/www.redenoticia.com.br\/noticia\/wp-json\/wp\/v2\/media\/40734"}],"wp:attachment":[{"href":"https:\/\/www.redenoticia.com.br\/noticia\/wp-json\/wp\/v2\/media?parent=68368"}],"wp:term":[{"taxonomy":"category","embeddable":true,"href":"https:\/\/www.redenoticia.com.br\/noticia\/wp-json\/wp\/v2\/categories?post=68368"},{"taxonomy":"post_tag","embeddable":true,"href":"https:\/\/www.redenoticia.com.br\/noticia\/wp-json\/wp\/v2\/tags?post=68368"}],"curies":[{"name":"wp","href":"https:\/\/api.w.org\/{rel}","templated":true}]}}